{"id":6277,"date":"2026-09-03T16:10:06","date_gmt":"2026-09-03T21:10:06","guid":{"rendered":"https:\/\/saludata.saludcapital.gov.co\/osb\/?p=6277"},"modified":"2026-09-03T16:53:01","modified_gmt":"2026-09-03T21:53:01","slug":"boletines-ira","status":"publish","type":"post","link":"https:\/\/saludata.saludcapital.gov.co\/osb\/boletines-ira\/","title":{"rendered":"Boletines Infecci\u00f3n Respiratoria Aguda &#8211; IRA"},"content":{"rendered":"<p>La Secretar\u00eda Distrital de salud te invita a consultar por semana epidemil\u00f3gica, los boletines de morbilidad de las Infecciones Respiratorias Agudas en el Distrito:<\/p>\n<p><strong>2026<\/strong><\/p>\n<ul>\n<li><a href=\"https:\/\/saludata.saludcapital.gov.co\/osb\/wp-content\/uploads\/2026\/09\/BOLETIN-IRA-SE-28-2026.pdf\">Bolet\u00edn Morbilidad IRA &#8211; Semana epidemiol\u00f3gica 28<\/a><\/li>\n<\/ul>\n<ul>\n<li><a href=\"https:\/\/saludata.saludcapital.gov.co\/osb\/wp-content\/uploads\/2026\/09\/BOLETIN-IRA-SE-27-2026.pdf\">Bolet\u00edn Morbilidad IRA &#8211; Semana epidemiol\u00f3gica 27<\/a><\/li>\n<\/ul>\n<ul>\n<li><a href=\"https:\/\/saludata.saludcapital.gov.co\/osb\/wp-content\/uploads\/2026\/09\/BOLETIN-IRA-SE-26-2026.pdf\">Bolet\u00edn Morbilidad IRA &#8211; Semana epidemiol\u00f3gica 26<\/a><\/li>\n<\/ul>\n<ul>\n<li><a href=\"https:\/\/saludata.saludcapital.gov.co\/osb\/wp-content\/uploads\/2026\/09\/BOLETIN-IRA-SE-25-2026.pdf\">Bolet\u00edn Morbilidad IRA &#8211; Semana epidemiol\u00f3gica 25<\/a><\/li>\n<\/ul>\n<ul>\n<li><a href=\"https:\/\/saludata.saludcapital.gov.co\/osb\/wp-content\/uploads\/2026\/09\/BOLETIN-IRA-SE-24-2026.pdf\">Bolet\u00edn Morbilidad IRA &#8211; Semana epidemiol\u00f3gica 24<\/a><\/li>\n<\/ul>\n<ul>\n<li><a href=\"https:\/\/saludata.saludcapital.gov.co\/osb\/wp-content\/uploads\/2026\/09\/BOLETIN-IRA-SE-23-2026.pdf\">Bolet\u00edn Morbilidad IRA &#8211; Semana epidemiol\u00f3gica 23<\/a><\/li>\n<\/ul>\n<ul>\n<li><a href=\"https:\/\/saludata.saludcapital.gov.co\/osb\/wp-content\/uploads\/2026\/09\/BOLETIN-IRA-SE-22-2026.pdf\">Bolet\u00edn Morbilidad IRA &#8211; Semana epidemiol\u00f3gica 22<\/a><\/li>\n<\/ul>\n<ul>\n<li><a href=\"https:\/\/saludata.saludcapital.gov.co\/osb\/wp-content\/uploads\/2026\/09\/BOLETIN-IRA-SE-21-2026.pdf\">Bolet\u00edn Morbilidad IRA &#8211; Semana epidemiol\u00f3gica 21<\/a><\/li>\n<\/ul>\n<ul>\n<li><a href=\"https:\/\/saludata.saludcapital.gov.co\/osb\/wp-content\/uploads\/2026\/09\/BOLETIN-IRA-SE-20-2026.pdf\">Bolet\u00edn Morbilidad IRA &#8211; Semana epidemiol\u00f3gica 20<\/a><\/li>\n<\/ul>\n<ul>\n<li><a href=\"https:\/\/saludata.saludcapital.gov.co\/osb\/wp-content\/uploads\/2026\/09\/BOLETIN-IRA-SE-19-2026.pdf\">Bolet\u00edn Morbilidad IRA &#8211; Semana epidemiol\u00f3gica 19<\/a><\/li>\n<\/ul>\n<ul>\n<li><a href=\"https:\/\/saludata.saludcapital.gov.co\/osb\/wp-content\/uploads\/2026\/09\/BOLETIN-IRA-SE-18-2026.pdf\">Bolet\u00edn Morbilidad IRA &#8211; Semana epidemiol\u00f3gica 18<\/a><\/li>\n<\/ul>\n<ul>\n<li><a href=\"https:\/\/saludata.saludcapital.gov.co\/osb\/wp-content\/uploads\/2026\/09\/BOLETIN-IRA-SE-17-2026.pdf\">Bolet\u00edn Morbilidad IRA &#8211; Semana epidemiol\u00f3gica 17<\/a><\/li>\n<\/ul>\n<ul>\n<li><a href=\"https:\/\/saludata.saludcapital.gov.co\/osb\/wp-content\/uploads\/2026\/09\/BOLETIN-IRA-SE-16-2026.pdf\">Bolet\u00edn Morbilidad IRA &#8211; Semana epidemiol\u00f3gica 16<\/a><\/li>\n<\/ul>\n<ul>\n<li><a href=\"https:\/\/saludata.saludcapital.gov.co\/osb\/wp-content\/uploads\/2026\/09\/BOLETIN-IRA-SE-15-2026.pdf\">Bolet\u00edn Morbilidad IRA &#8211; Semana epidemiol\u00f3gica 15<\/a><\/li>\n<\/ul>\n<ul>\n<li><a href=\"https:\/\/saludata.saludcapital.gov.co\/osb\/wp-content\/uploads\/2026\/09\/BOLETIN-IRA-SE-14-2026.pdf\">Bolet\u00edn Morbilidad IRA &#8211; Semana epidemiol\u00f3gica 14<\/a><\/li>\n<\/ul>\n<ul>\n<li><a href=\"https:\/\/saludata.saludcapital.gov.co\/osb\/wp-content\/uploads\/2026\/09\/BOLETIN-IRA-SE-13-2026.pdf\">Bolet\u00edn Morbilidad IRA &#8211; Semana epidemiol\u00f3gica 13<\/a><\/li>\n<\/ul>\n<ul>\n<li><a href=\"https:\/\/saludata.saludcapital.gov.co\/osb\/wp-content\/uploads\/2026\/09\/BOLETIN-IRA-SE-12-2026.pdf\">Bolet\u00edn Morbilidad IRA &#8211; Semana epidemiol\u00f3gica 12<\/a><\/li>\n<\/ul>\n<ul>\n<li><a href=\"https:\/\/saludata.saludcapital.gov.co\/osb\/wp-content\/uploads\/2026\/09\/BOLETIN-IRA-SE-11-2026.pdf\">Bolet\u00edn Morbilidad IRA &#8211; Semana epidemiol\u00f3gica 11<\/a><\/li>\n<\/ul>\n<ul>\n<li><a href=\"https:\/\/saludata.saludcapital.gov.co\/osb\/wp-content\/uploads\/2026\/09\/BOLETIN-IRA-SE-10-2026.pdf\">Bolet\u00edn Morbilidad IRA &#8211; Semana epidemiol\u00f3gica 10<\/a><\/li>\n<\/ul>\n<ul>\n<li><a href=\"https:\/\/saludata.saludcapital.gov.co\/osb\/wp-content\/uploads\/2026\/09\/BOLETIN-IRA-SE-09-2026.pdf\">Bolet\u00edn Morbilidad IRA &#8211; Semana epidemiol\u00f3gica 9<\/a><\/li>\n<\/ul>\n<ul>\n<li><a href=\"https:\/\/saludata.saludcapital.gov.co\/osb\/wp-content\/uploads\/2026\/09\/BOLETIN-IRA-SE-08-2026.pdf\">Bolet\u00edn Morbilidad IRA &#8211; Semana epidemiol\u00f3gica 8<\/a><\/li>\n<\/ul>\n<ul>\n<li><a href=\"https:\/\/saludata.saludcapital.gov.co\/osb\/wp-content\/uploads\/2026\/09\/BOLETIN-IRA-SE-07-2026.pdf\">Bolet\u00edn Morbilidad IRA &#8211; Semana epidemiol\u00f3gica 7<\/a><\/li>\n<\/ul>\n<ul>\n<li><a href=\"https:\/\/saludata.saludcapital.gov.co\/osb\/wp-content\/uploads\/2026\/09\/BOLETIN-IRA-SE-06-2026.pdf\">Bolet\u00edn Morbilidad IRA &#8211; Semana epidemiol\u00f3gica 6<\/a><\/li>\n<\/ul>\n<ul>\n<li><a href=\"https:\/\/saludata.saludcapital.gov.co\/osb\/wp-content\/uploads\/2026\/09\/BOLETIN-IRA-SE-05-2026.pdf\">Bolet\u00edn Morbilidad IRA &#8211; Semana epidemiol\u00f3gica 5<\/a><\/li>\n<\/ul>\n<ul>\n<li><a href=\"https:\/\/saludata.saludcapital.gov.co\/osb\/wp-content\/uploads\/2026\/09\/BOLETIN-IRA-SE-04-2026.pdf\">Bolet\u00edn Morbilidad IRA &#8211; Semana epidemiol\u00f3gica 4<\/a><\/li>\n<\/ul>\n<ul>\n<li><a href=\"https:\/\/saludata.saludcapital.gov.co\/osb\/wp-content\/uploads\/2026\/09\/BOLETIN-IRA-SE-03-2026.pdf\">Bolet\u00edn Morbilidad IRA &#8211; Semana epidemiol\u00f3gica 3<\/a><\/li>\n<\/ul>\n<ul>\n<li><a href=\"https:\/\/saludata.saludcapital.gov.co\/osb\/wp-content\/uploads\/2026\/09\/BOLETIN-IRA-SE-02-2026.pdf\">Bolet\u00edn Morbilidad IRA &#8211; Semana epidemiol\u00f3gica 2<\/a><\/li>\n<\/ul>\n<ul>\n<li><a href=\"https:\/\/saludata.saludcapital.gov.co\/osb\/wp-content\/uploads\/2026\/09\/BOLETIN-IRA-SE-01-2026.pdf\">Bolet\u00edn Morbilidad IRA &#8211; Semana epidemiol\u00f3gica 1<\/a><\/li>\n<\/ul>\n<p><strong>2025<\/strong><\/p>\n<ul>\n<li><a href=\"https:\/\/saludata.saludcapital.gov.co\/osb\/wp-content\/uploads\/2026\/09\/BOLETIN-IRA-SE-53-2025.pdf\">Bolet\u00edn Morbilidad IRA &#8211; Semana epidemiol\u00f3gica 53<\/a><\/li>\n<\/ul>\n<ul>\n<li><a href=\"https:\/\/saludata.saludcapital.gov.co\/osb\/wp-content\/uploads\/2026\/09\/BOLETIN-IRA-SE-52-2025.pdf\">Bolet\u00edn Morbilidad IRA &#8211; Semana epidemiol\u00f3gica 52<\/a><\/li>\n<\/ul>\n<ul>\n<li><a href=\"https:\/\/saludata.saludcapital.gov.co\/osb\/wp-content\/uploads\/2026\/09\/BOLETIN-IRA-SE-51-2025.pdf\">Bolet\u00edn Morbilidad IRA &#8211; Semana epidemiol\u00f3gica 51<\/a><\/li>\n<\/ul>\n<ul>\n<li><a href=\"https:\/\/saludata.saludcapital.gov.co\/osb\/wp-content\/uploads\/2026\/09\/BOLETIN-IRA-SE-50-2025.pdf\">Bolet\u00edn Morbilidad IRA &#8211; Semana epidemiol\u00f3gica 50<\/a><\/li>\n<\/ul>\n<ul>\n<li><a href=\"https:\/\/saludata.saludcapital.gov.co\/osb\/wp-content\/uploads\/2026\/09\/BOLETIN-IRA-SE-49-2025.pdf\">Bolet\u00edn Morbilidad IRA &#8211; Semana epidemiol\u00f3gica 49<\/a><\/li>\n<\/ul>\n<ul>\n<li><a href=\"https:\/\/saludata.saludcapital.gov.co\/osb\/wp-content\/uploads\/2026\/09\/BOLETIN-IRA-SE-48-2025.pdf\">Bolet\u00edn Morbilidad IRA &#8211; Semana epidemiol\u00f3gica 48<\/a><\/li>\n<\/ul>\n<ul>\n<li><a href=\"https:\/\/saludata.saludcapital.gov.co\/osb\/wp-content\/uploads\/2026\/09\/BOLETIN-IRA-SE-47-2025.pdf\">Bolet\u00edn Morbilidad IRA &#8211; Semana epidemiol\u00f3gica 47<\/a><\/li>\n<\/ul>\n<ul>\n<li><a href=\"https:\/\/saludata.saludcapital.gov.co\/osb\/wp-content\/uploads\/2026\/09\/BOLETIN-IRA-SE-46-2025.pdf\">Bolet\u00edn Morbilidad IRA &#8211; Semana epidemiol\u00f3gica 46<\/a><\/li>\n<\/ul>\n<ul>\n<li><a href=\"https:\/\/saludata.saludcapital.gov.co\/osb\/wp-content\/uploads\/2026\/09\/BOLETIN-IRA-SE-45-2025.pdf\">Bolet\u00edn Morbilidad IRA &#8211; Semana epidemiol\u00f3gica 45<\/a><\/li>\n<\/ul>\n<ul>\n<li><a href=\"https:\/\/saludata.saludcapital.gov.co\/osb\/wp-content\/uploads\/2026\/09\/BOLETIN-IRA-SE-44-2025.pdf\">Bolet\u00edn Morbilidad IRA &#8211; Semana epidemiol\u00f3gica 44<\/a><\/li>\n<\/ul>\n<ul>\n<li><a href=\"https:\/\/saludata.saludcapital.gov.co\/osb\/wp-content\/uploads\/2026\/09\/BOLETIN-IRA-SE-43-2025.pdf\">Bolet\u00edn Morbilidad IRA &#8211; Semana epidemiol\u00f3gica 43<\/a><\/li>\n<\/ul>\n<ul>\n<li><a href=\"https:\/\/saludata.saludcapital.gov.co\/osb\/wp-content\/uploads\/2026\/09\/BOLETIN-IRA-SE42-2025.pdf\">Bolet\u00edn Morbilidad IRA &#8211; Semana epidemiol\u00f3gica 42<\/a><\/li>\n<\/ul>\n<ul>\n<li><a href=\"https:\/\/saludata.saludcapital.gov.co\/osb\/wp-content\/uploads\/2026\/09\/BOLETIN-IRA-SE41-2025.pdf\">Bolet\u00edn Morbilidad IRA &#8211; Semana epidemiol\u00f3gica 41<\/a><\/li>\n<\/ul>\n<ul>\n<li><a href=\"https:\/\/saludata.saludcapital.gov.co\/osb\/wp-content\/uploads\/2026\/09\/BOLETIN-IRA-SE40-2025.pdf\">Bolet\u00edn Morbilidad IRA &#8211; Semana epidemiol\u00f3gica 40<\/a><\/li>\n<\/ul>\n<ul>\n<li><a href=\"https:\/\/saludata.saludcapital.gov.co\/osb\/wp-content\/uploads\/2026\/09\/BOLETIN-IRA-SE-39-2025.pdf\">Bolet\u00edn Morbilidad IRA &#8211; Semana epidemiol\u00f3gica 39<\/a><\/li>\n<\/ul>\n<ul>\n<li><a href=\"https:\/\/saludata.saludcapital.gov.co\/osb\/wp-content\/uploads\/2026\/09\/BOLETIN-IRA-SE-38-2025.pdf\">Bolet\u00edn Morbilidad IRA &#8211; Semana epidemiol\u00f3gica 38<\/a><\/li>\n<\/ul>\n<ul>\n<li><a href=\"https:\/\/saludata.saludcapital.gov.co\/osb\/wp-content\/uploads\/2026\/09\/BOLETIN-IRA-SE-37-2025.pdf\">Bolet\u00edn Morbilidad IRA &#8211; Semana epidemiol\u00f3gica 37<\/a><\/li>\n<\/ul>\n<ul>\n<li><a href=\"https:\/\/saludata.saludcapital.gov.co\/osb\/wp-content\/uploads\/2026\/09\/BOLETIN-IRA-SE-36-2025.pdf\">Bolet\u00edn Morbilidad IRA &#8211; Semana epidemiol\u00f3gica 36<\/a><\/li>\n<\/ul>\n<ul>\n<li><a href=\"https:\/\/saludata.saludcapital.gov.co\/osb\/wp-content\/uploads\/2025\/09\/BOLETIN-IRA-SE-35-2025.pdf\">Bolet\u00edn Morbilidad IRA &#8211; Semana epidemiol\u00f3gica 35<\/a><\/li>\n<\/ul>\n<ul>\n<li><a href=\"https:\/\/saludata.saludcapital.gov.co\/osb\/wp-content\/uploads\/2025\/09\/BOLETIN-IRA-SE-34-2025.pdf\">Bolet\u00edn Morbilidad IRA &#8211; Semana epidemiol\u00f3gica 34<\/a><\/li>\n<\/ul>\n<ul>\n<li><a href=\"https:\/\/saludata.saludcapital.gov.co\/osb\/wp-content\/uploads\/2025\/08\/BOLETIN-IRA-SE-33-2025.pdf\">Bolet\u00edn Morbilidad IRA &#8211; Semana epidemiol\u00f3gica 33<\/a><\/li>\n<\/ul>\n<ul>\n<li><a href=\"https:\/\/saludata.saludcapital.gov.co\/osb\/wp-content\/uploads\/2025\/08\/BOLETIN-EDA-SE-32-2025.pdf\">Bolet\u00edn Morbilidad IRA &#8211; Semana epidemiol\u00f3gica 32<\/a><\/li>\n<\/ul>\n<ul>\n<li><a href=\"https:\/\/saludata.saludcapital.gov.co\/osb\/wp-content\/uploads\/2025\/08\/BOLETIN-IRA-SE-31-2025.pdf\">Bolet\u00edn Morbilidad IRA &#8211; Semana epidemiol\u00f3gica 31<\/a><\/li>\n<\/ul>\n<ul>\n<li><a href=\"https:\/\/saludata.saludcapital.gov.co\/osb\/wp-content\/uploads\/2025\/08\/BOLETIN-IRA-SE-30-2025.pdf\">Bolet\u00edn Morbilidad IRA &#8211; Semana epidemiol\u00f3gica 30<\/a><\/li>\n<\/ul>\n<ul>\n<li><a href=\"https:\/\/saludata.saludcapital.gov.co\/osb\/wp-content\/uploads\/2025\/08\/BOLETIN-IRA-SE-29-2025.pdf\">Bolet\u00edn Morbilidad IRA &#8211; Semana epidemiol\u00f3gica 29<\/a><\/li>\n<\/ul>\n<ul>\n<li><a href=\"https:\/\/saludata.saludcapital.gov.co\/osb\/wp-content\/uploads\/2025\/07\/BOLETIN-IRA-SE-28-2025.pdf\">Bolet\u00edn Morbilidad IRA &#8211; Semana epidemiol\u00f3gica 28<\/a><\/li>\n<\/ul>\n<ul>\n<li><a href=\"https:\/\/saludata.saludcapital.gov.co\/osb\/wp-content\/uploads\/2025\/07\/BOLETIN-IRA-SE-27-2025.pdf\">Bolet\u00edn Morbilidad IRA &#8211; Semana epidemiol\u00f3gica 27<\/a><\/li>\n<\/ul>\n<ul>\n<li><a href=\"https:\/\/saludata.saludcapital.gov.co\/osb\/wp-content\/uploads\/2025\/07\/BOLETIN-IRA-SE-26-2025.pdf\">Bolet\u00edn Morbilidad IRA &#8211; Semana epidemiol\u00f3gica 26<\/a><\/li>\n<\/ul>\n<ul>\n<li><a href=\"https:\/\/saludata.saludcapital.gov.co\/osb\/wp-content\/uploads\/2025\/07\/BOLETIN-IRA-SE-25-2025.pdf\">Bolet\u00edn Morbilidad IRA &#8211; Semana epidemiol\u00f3gica 25<\/a><\/li>\n<\/ul>\n<ul>\n<li><a href=\"https:\/\/saludata.saludcapital.gov.co\/osb\/wp-content\/uploads\/2025\/06\/BOLETIN-IRA-SE-24-2025_compressed.pdf\">Bolet\u00edn Morbilidad IRA &#8211; Semana epidemiol\u00f3gica 24<\/a><\/li>\n<\/ul>\n<ul>\n<li><a href=\"https:\/\/saludata.saludcapital.gov.co\/osb\/wp-content\/uploads\/2025\/06\/BOLETIN-IRA-SE-23-2025_compressed.pdf\">Bolet\u00edn Morbilidad IRA &#8211; Semana epidemiol\u00f3gica 23<\/a><\/li>\n<\/ul>\n<ul>\n<li><a href=\"https:\/\/saludata.saludcapital.gov.co\/osb\/wp-content\/uploads\/2025\/06\/BOLETIN-IRA-SE-22-2025_compressed.pdf\">Bolet\u00edn Morbilidad IRA &#8211; Semana epidemiol\u00f3gica 22<\/a><\/li>\n<\/ul>\n<ul>\n<li><a href=\"https:\/\/saludata.saludcapital.gov.co\/osb\/wp-content\/uploads\/2025\/06\/BOLETIN-IRA-SE-21-2025_compressed.pdf\">Bolet\u00edn Morbilidad IRA &#8211; Semana epidemiol\u00f3gica 21<\/a><\/li>\n<\/ul>\n<ul>\n<li><a href=\"https:\/\/saludata.saludcapital.gov.co\/osb\/wp-content\/uploads\/2025\/05\/BOLETIN-IRA-SE-20-2025_compressed.pdf\">Bolet\u00edn Morbilidad IRA &#8211; Semana epidemiol\u00f3gica 20<\/a><\/li>\n<\/ul>\n<ul>\n<li><a href=\"https:\/\/saludata.saludcapital.gov.co\/osb\/wp-content\/uploads\/2025\/05\/BOLETIN-IRA-SE-19-2025_compressed.pdf\">Bolet\u00edn Morbilidad IRA &#8211; Semana epidemiol\u00f3gica 19<\/a><\/li>\n<\/ul>\n<ul>\n<li><a href=\"https:\/\/saludata.saludcapital.gov.co\/osb\/wp-content\/uploads\/2025\/05\/BOLETIN-IRA-SE-18-2025.pdf\">Bolet\u00edn Morbilidad IRA &#8211; Semana epidemiol\u00f3gica 18<\/a><\/li>\n<\/ul>\n<ul>\n<li><a href=\"https:\/\/saludata.saludcapital.gov.co\/osb\/wp-content\/uploads\/2025\/05\/BOLETIN-IRA-SE-17-2025.pdf\">Bolet\u00edn Morbilidad IRA &#8211; Semana epidemiol\u00f3gica 17<\/a><\/li>\n<\/ul>\n<ul>\n<li><a href=\"https:\/\/saludata.saludcapital.gov.co\/osb\/wp-content\/uploads\/2025\/05\/BOLETIN-IRA-SE-16-2025.pdf\">Bolet\u00edn Morbilidad IRA &#8211; Semana epidemiol\u00f3gica 16<\/a><\/li>\n<\/ul>\n<ul>\n<li><a href=\"https:\/\/saludata.saludcapital.gov.co\/osb\/wp-content\/uploads\/2025\/05\/BOLETIN-IRA-SE-15-2025.pdf\">Bolet\u00edn Morbilidad IRA &#8211; Semana epidemiol\u00f3gica 15<\/a><\/li>\n<\/ul>\n<ul>\n<li><a href=\"https:\/\/saludata.saludcapital.gov.co\/osb\/wp-content\/uploads\/2025\/05\/BOLETIN-IRA-SE-14-2025.pdf\">Bolet\u00edn Morbilidad IRA &#8211; Semana epidemiol\u00f3gica 14<\/a><\/li>\n<\/ul>\n<ul>\n<li><a href=\"https:\/\/saludata.saludcapital.gov.co\/osb\/wp-content\/uploads\/2025\/04\/BOLETIN-IRA-SE-13-2025_compressed.pdf\">Bolet\u00edn Morbilidad IRA &#8211; Semana epidemiol\u00f3gica 13<\/a><\/li>\n<\/ul>\n<ul>\n<li><a href=\"https:\/\/saludata.saludcapital.gov.co\/osb\/wp-content\/uploads\/2025\/04\/BOLETIN-IRA-SE-12-2025_compressed.pdf\">Bolet\u00edn Morbilidad IRA &#8211; Semana epidemiol\u00f3gica 12<\/a><\/li>\n<\/ul>\n<ul>\n<li><a href=\"https:\/\/saludata.saludcapital.gov.co\/osb\/wp-content\/uploads\/2025\/04\/BOLETIN-IRA-SE-11-2025_compressed.pdf\">Bolet\u00edn Morbilidad IRA &#8211; Semana epidemiol\u00f3gica 11<\/a><\/li>\n<\/ul>\n<ul>\n<li><a href=\"https:\/\/saludata.saludcapital.gov.co\/osb\/wp-content\/uploads\/2025\/04\/BOLETIN-IRA-SE-10-2025_compressed.pdf\">Bolet\u00edn Morbilidad IRA &#8211; Semana epidemiol\u00f3gica 10<\/a><\/li>\n<\/ul>\n<ul>\n<li><a href=\"https:\/\/saludata.saludcapital.gov.co\/osb\/wp-content\/uploads\/2025\/04\/BOLETIN-IRA-SE-9-2025_compressed.pdf\">Bolet\u00edn Morbilidad IRA &#8211; Semana epidemiol\u00f3gica 9<\/a><\/li>\n<\/ul>\n<ul>\n<li><a href=\"https:\/\/saludata.saludcapital.gov.co\/osb\/wp-content\/uploads\/2025\/04\/BOLETIN-IRA-SE-8-2025_compressed.pdf\">Bolet\u00edn Morbilidad IRA &#8211; Semana epidemiol\u00f3gica 8<\/a><\/li>\n<\/ul>\n<ul>\n<li><a href=\"https:\/\/saludata.saludcapital.gov.co\/osb\/wp-content\/uploads\/2025\/04\/BOLETIN-IRA-SE-7-2025_compressed.pdf\">Bolet\u00edn Morbilidad IRA &#8211; Semana epidemiol\u00f3gica 7<\/a><\/li>\n<\/ul>\n<ul>\n<li><a href=\"https:\/\/saludata.saludcapital.gov.co\/osb\/wp-content\/uploads\/2025\/04\/BOLETIN-IRA-SE-6-2025_compressed.pdff\">Bolet\u00edn Morbilidad IRA &#8211; Semana epidemiol\u00f3gica 6<\/a><\/li>\n<\/ul>\n<ul>\n<li><a href=\"https:\/\/saludata.saludcapital.gov.co\/osb\/wp-content\/uploads\/2025\/04\/BOLETIN-IRA-SE-5-2025_compressed.pdf\">Bolet\u00edn Morbilidad IRA &#8211; Semana epidemiol\u00f3gica 5<\/a><\/li>\n<\/ul>\n<ul>\n<li><a href=\"https:\/\/saludata.saludcapital.gov.co\/osb\/wp-content\/uploads\/2025\/04\/BOLETIN-IRA-SE-4-2025_compressed.pdf\">Bolet\u00edn Morbilidad IRA &#8211; Semana epidemiol\u00f3gica 4<\/a><\/li>\n<\/ul>\n<div style='text-align:right' class='yasr-auto-insert-overall'><\/div>","protected":false},"excerpt":{"rendered":"<p>La Secretar\u00eda Distrital de salud te invita a consultar por semana epidemil\u00f3gica, los boletines de morbilidad de las Infecciones Respiratorias Agudas en el Distrito: 2026 Bolet\u00edn Morbilidad IRA &#8211; Semana epidemiol\u00f3gica 28 Bolet\u00edn Morbilidad IRA &#8211; Semana epidemiol\u00f3gica 27 Bolet\u00edn Morbilidad IRA &#8211; Semana epidemiol\u00f3gica 26 Bolet\u00edn Morbilidad IRA &#8211; Semana epidemiol\u00f3gica 25 Bolet\u00edn Morbilidad [&hellip;]<\/p>\n","protected":false},"author":31,"featured_media":6279,"comment_status":"open","ping_status":"open","sticky":false,"template":"","format":"standard","meta":{"_monsterinsights_skip_tracking":false,"yasr_overall_rating":0,"yasr_post_is_review":"","yasr_auto_insert_disabled":"","yasr_review_type":"","footnotes":""},"categories":[191],"tags":[152],"class_list":["post-6277","post","type-post","status-publish","format-standard","has-post-thumbnail","hentry","category-boletines-de-vigilancia-en-salud-publica","tag-ira"],"yoast_head":"<!-- This site is optimized with the Yoast SEO plugin v19.12 - https:\/\/yoast.com\/wordpress\/plugins\/seo\/ -->\n<title>Boletines Infecci\u00f3n Respiratoria Aguda - IRA - SaluData - Observatorio de Salud de Bogot\u00e1<\/title>\n<meta name=\"description\" content=\"La Secretar\u00eda Distrital de salud te invita a consultar los boletines de morbilidad de las Infecciones Respiratorias Agudas en el Distrito\" \/>\n<meta name=\"robots\" content=\"index, follow, max-snippet:-1, max-image-preview:large, max-video-preview:-1\" \/>\n<link rel=\"canonical\" href=\"https:\/\/saludata.saludcapital.gov.co\/osb\/boletines-ira\/\" \/>\n<meta property=\"og:locale\" content=\"es_ES\" \/>\n<meta property=\"og:type\" content=\"article\" \/>\n<meta property=\"og:title\" content=\"Boletines Infecci\u00f3n Respiratoria Aguda - IRA - SaluData - Observatorio de Salud de Bogot\u00e1\" \/>\n<meta property=\"og:description\" content=\"La Secretar\u00eda Distrital de salud te invita a consultar los boletines de morbilidad de las Infecciones Respiratorias Agudas en el Distrito\" \/>\n<meta property=\"og:url\" content=\"https:\/\/saludata.saludcapital.gov.co\/osb\/boletines-ira\/\" \/>\n<meta property=\"og:site_name\" content=\"SaluData - Observatorio de Salud de Bogot\u00e1\" \/>\n<meta property=\"article:published_time\" content=\"2026-09-03T21:10:06+00:00\" \/>\n<meta property=\"article:modified_time\" content=\"2026-09-03T21:53:01+00:00\" \/>\n<meta property=\"og:image\" content=\"https:\/\/saludata.saludcapital.gov.co\/osb\/wp-content\/uploads\/2026\/09\/CardIRA.jpg\" \/>\n\t<meta property=\"og:image:width\" content=\"813\" \/>\n\t<meta property=\"og:image:height\" content=\"254\" \/>\n\t<meta property=\"og:image:type\" content=\"image\/jpeg\" \/>\n<meta name=\"author\" content=\"Evelyn Redondo\" \/>\n<meta name=\"twitter:card\" content=\"summary_large_image\" \/>\n<meta name=\"twitter:label1\" content=\"Escrito por\" \/>\n\t<meta name=\"twitter:data1\" content=\"Evelyn Redondo\" \/>\n\t<meta name=\"twitter:label2\" content=\"Tiempo de lectura\" \/>\n\t<meta name=\"twitter:data2\" content=\"3 minutos\" \/>\n<script type=\"application\/ld+json\" class=\"yoast-schema-graph\">{\"@context\":\"https:\/\/schema.org\",\"@graph\":[{\"@type\":\"WebPage\",\"@id\":\"https:\/\/saludata.saludcapital.gov.co\/osb\/boletines-ira\/\",\"url\":\"https:\/\/saludata.saludcapital.gov.co\/osb\/boletines-ira\/\",\"name\":\"Boletines Infecci\u00f3n Respiratoria Aguda - IRA - SaluData - Observatorio de Salud de Bogot\u00e1\",\"isPartOf\":{\"@id\":\"https:\/\/saludata.saludcapital.gov.co\/osb\/#website\"},\"datePublished\":\"2026-09-03T21:10:06+00:00\",\"dateModified\":\"2026-09-03T21:53:01+00:00\",\"author\":{\"@id\":\"https:\/\/saludata.saludcapital.gov.co\/osb\/#\/schema\/person\/13bb800b810b551bc20493f04bf0d5fe\"},\"description\":\"La Secretar\u00eda Distrital de salud te invita a consultar los boletines de morbilidad de las Infecciones Respiratorias Agudas en el Distrito\",\"breadcrumb\":{\"@id\":\"https:\/\/saludata.saludcapital.gov.co\/osb\/boletines-ira\/#breadcrumb\"},\"inLanguage\":\"es\",\"potentialAction\":[{\"@type\":\"ReadAction\",\"target\":[\"https:\/\/saludata.saludcapital.gov.co\/osb\/boletines-ira\/\"]}]},{\"@type\":\"BreadcrumbList\",\"@id\":\"https:\/\/saludata.saludcapital.gov.co\/osb\/boletines-ira\/#breadcrumb\",\"itemListElement\":[{\"@type\":\"ListItem\",\"position\":1,\"name\":\"Portada\",\"item\":\"https:\/\/saludata.saludcapital.gov.co\/osb\/\"},{\"@type\":\"ListItem\",\"position\":2,\"name\":\"Boletines Infecci\u00f3n Respiratoria Aguda &#8211; IRA\"}]},{\"@type\":\"WebSite\",\"@id\":\"https:\/\/saludata.saludcapital.gov.co\/osb\/#website\",\"url\":\"https:\/\/saludata.saludcapital.gov.co\/osb\/\",\"name\":\"SaluData - Observatorio de Salud de Bogot\u00e1\",\"description\":\"SaluData\",\"potentialAction\":[{\"@type\":\"SearchAction\",\"target\":{\"@type\":\"EntryPoint\",\"urlTemplate\":\"https:\/\/saludata.saludcapital.gov.co\/osb\/?s={search_term_string}\"},\"query-input\":\"required name=search_term_string\"}],\"inLanguage\":\"es\"},{\"@type\":\"Person\",\"@id\":\"https:\/\/saludata.saludcapital.gov.co\/osb\/#\/schema\/person\/13bb800b810b551bc20493f04bf0d5fe\",\"name\":\"Evelyn Redondo\",\"image\":{\"@type\":\"ImageObject\",\"inLanguage\":\"es\",\"@id\":\"https:\/\/saludata.saludcapital.gov.co\/osb\/#\/schema\/person\/image\/\",\"url\":\"https:\/\/saludata.saludcapital.gov.co\/osb\/wp-content\/uploads\/letter-avatar\/f514300756b07d8f38e6736b652d704d.svg\",\"contentUrl\":\"https:\/\/saludata.saludcapital.gov.co\/osb\/wp-content\/uploads\/letter-avatar\/f514300756b07d8f38e6736b652d704d.svg\",\"caption\":\"Evelyn Redondo\"},\"url\":\"https:\/\/saludata.saludcapital.gov.co\/osb\/author\/epredondo\/\"}]}<\/script>\n<!-- \/ Yoast SEO plugin. -->","yoast_head_json":{"title":"Boletines Infecci\u00f3n Respiratoria Aguda - IRA - SaluData - Observatorio de Salud de Bogot\u00e1","description":"La Secretar\u00eda Distrital de salud te invita a consultar los boletines de morbilidad de las Infecciones Respiratorias Agudas en el Distrito","robots":{"index":"index","follow":"follow","max-snippet":"max-snippet:-1","max-image-preview":"max-image-preview:large","max-video-preview":"max-video-preview:-1"},"canonical":"https:\/\/saludata.saludcapital.gov.co\/osb\/boletines-ira\/","og_locale":"es_ES","og_type":"article","og_title":"Boletines Infecci\u00f3n Respiratoria Aguda - IRA - SaluData - Observatorio de Salud de Bogot\u00e1","og_description":"La Secretar\u00eda Distrital de salud te invita a consultar los boletines de morbilidad de las Infecciones Respiratorias Agudas en el Distrito","og_url":"https:\/\/saludata.saludcapital.gov.co\/osb\/boletines-ira\/","og_site_name":"SaluData - Observatorio de Salud de Bogot\u00e1","article_published_time":"2026-09-03T21:10:06+00:00","article_modified_time":"2026-09-03T21:53:01+00:00","og_image":[{"width":813,"height":254,"url":"https:\/\/saludata.saludcapital.gov.co\/osb\/wp-content\/uploads\/2026\/09\/CardIRA.jpg","type":"image\/jpeg"}],"author":"Evelyn Redondo","twitter_card":"summary_large_image","twitter_misc":{"Escrito por":"Evelyn Redondo","Tiempo de lectura":"3 minutos"},"schema":{"@context":"https:\/\/schema.org","@graph":[{"@type":"WebPage","@id":"https:\/\/saludata.saludcapital.gov.co\/osb\/boletines-ira\/","url":"https:\/\/saludata.saludcapital.gov.co\/osb\/boletines-ira\/","name":"Boletines Infecci\u00f3n Respiratoria Aguda - IRA - SaluData - Observatorio de Salud de Bogot\u00e1","isPartOf":{"@id":"https:\/\/saludata.saludcapital.gov.co\/osb\/#website"},"datePublished":"2026-09-03T21:10:06+00:00","dateModified":"2026-09-03T21:53:01+00:00","author":{"@id":"https:\/\/saludata.saludcapital.gov.co\/osb\/#\/schema\/person\/13bb800b810b551bc20493f04bf0d5fe"},"description":"La Secretar\u00eda Distrital de salud te invita a consultar los boletines de morbilidad de las Infecciones Respiratorias Agudas en el Distrito","breadcrumb":{"@id":"https:\/\/saludata.saludcapital.gov.co\/osb\/boletines-ira\/#breadcrumb"},"inLanguage":"es","potentialAction":[{"@type":"ReadAction","target":["https:\/\/saludata.saludcapital.gov.co\/osb\/boletines-ira\/"]}]},{"@type":"BreadcrumbList","@id":"https:\/\/saludata.saludcapital.gov.co\/osb\/boletines-ira\/#breadcrumb","itemListElement":[{"@type":"ListItem","position":1,"name":"Portada","item":"https:\/\/saludata.saludcapital.gov.co\/osb\/"},{"@type":"ListItem","position":2,"name":"Boletines Infecci\u00f3n Respiratoria Aguda &#8211; IRA"}]},{"@type":"WebSite","@id":"https:\/\/saludata.saludcapital.gov.co\/osb\/#website","url":"https:\/\/saludata.saludcapital.gov.co\/osb\/","name":"SaluData - Observatorio de Salud de Bogot\u00e1","description":"SaluData","potentialAction":[{"@type":"SearchAction","target":{"@type":"EntryPoint","urlTemplate":"https:\/\/saludata.saludcapital.gov.co\/osb\/?s={search_term_string}"},"query-input":"required name=search_term_string"}],"inLanguage":"es"},{"@type":"Person","@id":"https:\/\/saludata.saludcapital.gov.co\/osb\/#\/schema\/person\/13bb800b810b551bc20493f04bf0d5fe","name":"Evelyn Redondo","image":{"@type":"ImageObject","inLanguage":"es","@id":"https:\/\/saludata.saludcapital.gov.co\/osb\/#\/schema\/person\/image\/","url":"https:\/\/saludata.saludcapital.gov.co\/osb\/wp-content\/uploads\/letter-avatar\/f514300756b07d8f38e6736b652d704d.svg","contentUrl":"https:\/\/saludata.saludcapital.gov.co\/osb\/wp-content\/uploads\/letter-avatar\/f514300756b07d8f38e6736b652d704d.svg","caption":"Evelyn Redondo"},"url":"https:\/\/saludata.saludcapital.gov.co\/osb\/author\/epredondo\/"}]}},"yasr_visitor_votes":{"stars_attributes":{"read_only":false,"span_bottom":false},"number_of_votes":0,"sum_votes":0},"_links":{"self":[{"href":"https:\/\/saludata.saludcapital.gov.co\/osb\/wp-json\/wp\/v2\/posts\/6277","targetHints":{"allow":["GET"]}}],"collection":[{"href":"https:\/\/saludata.saludcapital.gov.co\/osb\/wp-json\/wp\/v2\/posts"}],"about":[{"href":"https:\/\/saludata.saludcapital.gov.co\/osb\/wp-json\/wp\/v2\/types\/post"}],"author":[{"embeddable":true,"href":"https:\/\/saludata.saludcapital.gov.co\/osb\/wp-json\/wp\/v2\/users\/31"}],"replies":[{"embeddable":true,"href":"https:\/\/saludata.saludcapital.gov.co\/osb\/wp-json\/wp\/v2\/comments?post=6277"}],"version-history":[{"count":10,"href":"https:\/\/saludata.saludcapital.gov.co\/osb\/wp-json\/wp\/v2\/posts\/6277\/revisions"}],"predecessor-version":[{"id":6336,"href":"https:\/\/saludata.saludcapital.gov.co\/osb\/wp-json\/wp\/v2\/posts\/6277\/revisions\/6336"}],"wp:featuredmedia":[{"embeddable":true,"href":"https:\/\/saludata.saludcapital.gov.co\/osb\/wp-json\/wp\/v2\/media\/6279"}],"wp:attachment":[{"href":"https:\/\/saludata.saludcapital.gov.co\/osb\/wp-json\/wp\/v2\/media?parent=6277"}],"wp:term":[{"taxonomy":"category","embeddable":true,"href":"https:\/\/saludata.saludcapital.gov.co\/osb\/wp-json\/wp\/v2\/categories?post=6277"},{"taxonomy":"post_tag","embeddable":true,"href":"https:\/\/saludata.saludcapital.gov.co\/osb\/wp-json\/wp\/v2\/tags?post=6277"}],"curies":[{"name":"wp","href":"https:\/\/api.w.org\/{rel}","templated":true}]}}