{"id":6265,"date":"2026-09-01T10:18:12","date_gmt":"2026-09-01T15:18:12","guid":{"rendered":"https:\/\/saludata.saludcapital.gov.co\/osb\/?p=6265"},"modified":"2026-09-03T10:21:30","modified_gmt":"2026-09-03T15:21:30","slug":"poblacionales-diferenciales","status":"publish","type":"post","link":"https:\/\/saludata.saludcapital.gov.co\/osb\/poblacionales-diferenciales\/","title":{"rendered":"An\u00e1lisis de situaci\u00f3n de salud poblacionales y diferenciales"},"content":{"rendered":"<p>A continuaci\u00f3n te invitamos a conocer y explorar los documentos de An\u00e1lisis de Situaci\u00f3n de Salud poblacionales y diferenciales en el Distrito:<\/p>\n<p><strong>2025<\/strong><\/p>\n<ul>\n<li><a href=\"https:\/\/saludata.saludcapital.gov.co\/osb\/wp-content\/uploads\/2026\/09\/ASIS-Poblacion-Palenquera-en-Bogota.-2025.pdf\">\u200bAn\u00e1lisis de situaci\u00f3n de salud Poblaci\u00f3n Palenquera en Bogot\u00e1<\/a><\/li>\n<\/ul>\n<p><strong>2024<\/strong><\/p>\n<ul>\n<li><a href=\"https:\/\/saludata.saludcapital.gov.co\/osb\/wp-content\/uploads\/2026\/09\/Comunidad-Muisca-de-Bosa.-2024.pdf\">An\u00e1lisis de situaci\u00f3n de salud \u200bComunidad Muisca de Bosa<\/a><\/li>\n<\/ul>\n<p><strong>2023<\/strong><\/p>\n<ul>\n<li><a href=\"https:\/\/saludata.saludcapital.gov.co\/osb\/wp-content\/uploads\/2026\/09\/ASIS-Pueblos-indigenas-en-Bogota.-2023.pdf\">An\u00e1lisis de situaci\u00f3n de salud Pueblos ind\u00edgenas en Bogot\u00e1<\/a><\/li>\n<\/ul>\n<ul>\n<li><a href=\"https:\/\/saludata.saludcapital.gov.co\/osb\/wp-content\/uploads\/2026\/09\/ASIS-Poblacion-Raizal-en-Bogota.-2023.pdf\">An\u00e1lisis de situaci\u00f3n de salud Poblaci\u00f3n Raizal en Bogot\u00e1<\/a><\/li>\n<\/ul>\n<p><strong>2020<\/strong><\/p>\n<ul>\n<li><a href=\"https:\/\/saludata.saludcapital.gov.co\/osb\/wp-content\/uploads\/2026\/09\/ASIS-Poblacion-Muisca-de-Bosa.-2020.pdf\">An\u00e1lisis de situaci\u00f3n de salud Poblaci\u00f3n Muisca de Bosa<\/a><\/li>\n<\/ul>\n<ul>\n<li><a href=\"https:\/\/saludata.saludcapital.gov.co\/osb\/wp-content\/uploads\/2026\/09\/ASIS-Poblacion-Raizal-en-Bogota.-2020.pdf\">An\u00e1lisis de situaci\u00f3n de salud Poblaci\u00f3n Raizal en Bogot\u00e1<\/a><\/li>\n<\/ul>\n<div style='text-align:right' class='yasr-auto-insert-overall'><\/div>","protected":false},"excerpt":{"rendered":"<p>A continuaci\u00f3n te invitamos a conocer y explorar los documentos de An\u00e1lisis de Situaci\u00f3n de Salud poblacionales y diferenciales en el Distrito: 2025 \u200bAn\u00e1lisis de situaci\u00f3n de salud Poblaci\u00f3n Palenquera en Bogot\u00e1 2024 An\u00e1lisis de situaci\u00f3n de salud \u200bComunidad Muisca de Bosa 2023 An\u00e1lisis de situaci\u00f3n de salud Pueblos ind\u00edgenas en Bogot\u00e1 An\u00e1lisis de situaci\u00f3n [&hellip;]<\/p>\n","protected":false},"author":31,"featured_media":6273,"comment_status":"open","ping_status":"open","sticky":false,"template":"","format":"standard","meta":{"_monsterinsights_skip_tracking":false,"yasr_overall_rating":0,"yasr_post_is_review":"","yasr_auto_insert_disabled":"","yasr_review_type":"","footnotes":""},"categories":[194],"tags":[],"class_list":["post-6265","post","type-post","status-publish","format-standard","has-post-thumbnail","hentry","category-analisis-de-situacion-de-salud-de-bogota"],"yoast_head":"<!-- This site is optimized with the Yoast SEO plugin v19.12 - https:\/\/yoast.com\/wordpress\/plugins\/seo\/ -->\n<title>An\u00e1lisis de situaci\u00f3n de salud poblacionales y diferenciales - SaluData - Observatorio de Salud de Bogot\u00e1<\/title>\n<meta name=\"description\" content=\"Conocer y explora los documentos de An\u00e1lisis de Situaci\u00f3n de Salud poblacionales y diferenciales en el Distrito\" \/>\n<meta name=\"robots\" content=\"index, follow, max-snippet:-1, max-image-preview:large, max-video-preview:-1\" \/>\n<link rel=\"canonical\" href=\"https:\/\/saludata.saludcapital.gov.co\/osb\/poblacionales-diferenciales\/\" \/>\n<meta property=\"og:locale\" content=\"es_ES\" \/>\n<meta property=\"og:type\" content=\"article\" \/>\n<meta property=\"og:title\" content=\"An\u00e1lisis de situaci\u00f3n de salud poblacionales y diferenciales - SaluData - Observatorio de Salud de Bogot\u00e1\" \/>\n<meta property=\"og:description\" content=\"Conocer y explora los documentos de An\u00e1lisis de Situaci\u00f3n de Salud poblacionales y diferenciales en el Distrito\" \/>\n<meta property=\"og:url\" content=\"https:\/\/saludata.saludcapital.gov.co\/osb\/poblacionales-diferenciales\/\" \/>\n<meta property=\"og:site_name\" content=\"SaluData - Observatorio de Salud de Bogot\u00e1\" \/>\n<meta property=\"article:published_time\" content=\"2026-09-01T15:18:12+00:00\" \/>\n<meta property=\"article:modified_time\" content=\"2026-09-03T15:21:30+00:00\" \/>\n<meta property=\"og:image\" content=\"https:\/\/saludata.saludcapital.gov.co\/osb\/wp-content\/uploads\/2026\/09\/BannerPoblacionesDiferencialesAsis.jpg\" \/>\n\t<meta property=\"og:image:width\" content=\"1700\" \/>\n\t<meta property=\"og:image:height\" content=\"387\" \/>\n\t<meta property=\"og:image:type\" content=\"image\/jpeg\" \/>\n<meta name=\"author\" content=\"Evelyn Redondo\" \/>\n<meta name=\"twitter:card\" content=\"summary_large_image\" \/>\n<meta name=\"twitter:label1\" content=\"Escrito por\" \/>\n\t<meta name=\"twitter:data1\" content=\"Evelyn Redondo\" \/>\n\t<meta name=\"twitter:label2\" content=\"Tiempo de lectura\" \/>\n\t<meta name=\"twitter:data2\" content=\"1 minuto\" \/>\n<script type=\"application\/ld+json\" class=\"yoast-schema-graph\">{\"@context\":\"https:\/\/schema.org\",\"@graph\":[{\"@type\":\"WebPage\",\"@id\":\"https:\/\/saludata.saludcapital.gov.co\/osb\/poblacionales-diferenciales\/\",\"url\":\"https:\/\/saludata.saludcapital.gov.co\/osb\/poblacionales-diferenciales\/\",\"name\":\"An\u00e1lisis de situaci\u00f3n de salud poblacionales y diferenciales - SaluData - Observatorio de Salud de Bogot\u00e1\",\"isPartOf\":{\"@id\":\"https:\/\/saludata.saludcapital.gov.co\/osb\/#website\"},\"datePublished\":\"2026-09-01T15:18:12+00:00\",\"dateModified\":\"2026-09-03T15:21:30+00:00\",\"author\":{\"@id\":\"https:\/\/saludata.saludcapital.gov.co\/osb\/#\/schema\/person\/13bb800b810b551bc20493f04bf0d5fe\"},\"description\":\"Conocer y explora los documentos de An\u00e1lisis de Situaci\u00f3n de Salud poblacionales y diferenciales en el Distrito\",\"breadcrumb\":{\"@id\":\"https:\/\/saludata.saludcapital.gov.co\/osb\/poblacionales-diferenciales\/#breadcrumb\"},\"inLanguage\":\"es\",\"potentialAction\":[{\"@type\":\"ReadAction\",\"target\":[\"https:\/\/saludata.saludcapital.gov.co\/osb\/poblacionales-diferenciales\/\"]}]},{\"@type\":\"BreadcrumbList\",\"@id\":\"https:\/\/saludata.saludcapital.gov.co\/osb\/poblacionales-diferenciales\/#breadcrumb\",\"itemListElement\":[{\"@type\":\"ListItem\",\"position\":1,\"name\":\"Portada\",\"item\":\"https:\/\/saludata.saludcapital.gov.co\/osb\/\"},{\"@type\":\"ListItem\",\"position\":2,\"name\":\"An\u00e1lisis de situaci\u00f3n de salud poblacionales y diferenciales\"}]},{\"@type\":\"WebSite\",\"@id\":\"https:\/\/saludata.saludcapital.gov.co\/osb\/#website\",\"url\":\"https:\/\/saludata.saludcapital.gov.co\/osb\/\",\"name\":\"SaluData - Observatorio de Salud de Bogot\u00e1\",\"description\":\"SaluData\",\"potentialAction\":[{\"@type\":\"SearchAction\",\"target\":{\"@type\":\"EntryPoint\",\"urlTemplate\":\"https:\/\/saludata.saludcapital.gov.co\/osb\/?s={search_term_string}\"},\"query-input\":\"required name=search_term_string\"}],\"inLanguage\":\"es\"},{\"@type\":\"Person\",\"@id\":\"https:\/\/saludata.saludcapital.gov.co\/osb\/#\/schema\/person\/13bb800b810b551bc20493f04bf0d5fe\",\"name\":\"Evelyn Redondo\",\"image\":{\"@type\":\"ImageObject\",\"inLanguage\":\"es\",\"@id\":\"https:\/\/saludata.saludcapital.gov.co\/osb\/#\/schema\/person\/image\/\",\"url\":\"https:\/\/saludata.saludcapital.gov.co\/osb\/wp-content\/uploads\/letter-avatar\/f514300756b07d8f38e6736b652d704d.svg\",\"contentUrl\":\"https:\/\/saludata.saludcapital.gov.co\/osb\/wp-content\/uploads\/letter-avatar\/f514300756b07d8f38e6736b652d704d.svg\",\"caption\":\"Evelyn Redondo\"},\"url\":\"https:\/\/saludata.saludcapital.gov.co\/osb\/author\/epredondo\/\"}]}<\/script>\n<!-- \/ Yoast SEO plugin. -->","yoast_head_json":{"title":"An\u00e1lisis de situaci\u00f3n de salud poblacionales y diferenciales - SaluData - Observatorio de Salud de Bogot\u00e1","description":"Conocer y explora los documentos de An\u00e1lisis de Situaci\u00f3n de Salud poblacionales y diferenciales en el Distrito","robots":{"index":"index","follow":"follow","max-snippet":"max-snippet:-1","max-image-preview":"max-image-preview:large","max-video-preview":"max-video-preview:-1"},"canonical":"https:\/\/saludata.saludcapital.gov.co\/osb\/poblacionales-diferenciales\/","og_locale":"es_ES","og_type":"article","og_title":"An\u00e1lisis de situaci\u00f3n de salud poblacionales y diferenciales - SaluData - Observatorio de Salud de Bogot\u00e1","og_description":"Conocer y explora los documentos de An\u00e1lisis de Situaci\u00f3n de Salud poblacionales y diferenciales en el Distrito","og_url":"https:\/\/saludata.saludcapital.gov.co\/osb\/poblacionales-diferenciales\/","og_site_name":"SaluData - Observatorio de Salud de Bogot\u00e1","article_published_time":"2026-09-01T15:18:12+00:00","article_modified_time":"2026-09-03T15:21:30+00:00","og_image":[{"width":1700,"height":387,"url":"https:\/\/saludata.saludcapital.gov.co\/osb\/wp-content\/uploads\/2026\/09\/BannerPoblacionesDiferencialesAsis.jpg","type":"image\/jpeg"}],"author":"Evelyn Redondo","twitter_card":"summary_large_image","twitter_misc":{"Escrito por":"Evelyn Redondo","Tiempo de lectura":"1 minuto"},"schema":{"@context":"https:\/\/schema.org","@graph":[{"@type":"WebPage","@id":"https:\/\/saludata.saludcapital.gov.co\/osb\/poblacionales-diferenciales\/","url":"https:\/\/saludata.saludcapital.gov.co\/osb\/poblacionales-diferenciales\/","name":"An\u00e1lisis de situaci\u00f3n de salud poblacionales y diferenciales - SaluData - Observatorio de Salud de Bogot\u00e1","isPartOf":{"@id":"https:\/\/saludata.saludcapital.gov.co\/osb\/#website"},"datePublished":"2026-09-01T15:18:12+00:00","dateModified":"2026-09-03T15:21:30+00:00","author":{"@id":"https:\/\/saludata.saludcapital.gov.co\/osb\/#\/schema\/person\/13bb800b810b551bc20493f04bf0d5fe"},"description":"Conocer y explora los documentos de An\u00e1lisis de Situaci\u00f3n de Salud poblacionales y diferenciales en el Distrito","breadcrumb":{"@id":"https:\/\/saludata.saludcapital.gov.co\/osb\/poblacionales-diferenciales\/#breadcrumb"},"inLanguage":"es","potentialAction":[{"@type":"ReadAction","target":["https:\/\/saludata.saludcapital.gov.co\/osb\/poblacionales-diferenciales\/"]}]},{"@type":"BreadcrumbList","@id":"https:\/\/saludata.saludcapital.gov.co\/osb\/poblacionales-diferenciales\/#breadcrumb","itemListElement":[{"@type":"ListItem","position":1,"name":"Portada","item":"https:\/\/saludata.saludcapital.gov.co\/osb\/"},{"@type":"ListItem","position":2,"name":"An\u00e1lisis de situaci\u00f3n de salud poblacionales y diferenciales"}]},{"@type":"WebSite","@id":"https:\/\/saludata.saludcapital.gov.co\/osb\/#website","url":"https:\/\/saludata.saludcapital.gov.co\/osb\/","name":"SaluData - Observatorio de Salud de Bogot\u00e1","description":"SaluData","potentialAction":[{"@type":"SearchAction","target":{"@type":"EntryPoint","urlTemplate":"https:\/\/saludata.saludcapital.gov.co\/osb\/?s={search_term_string}"},"query-input":"required name=search_term_string"}],"inLanguage":"es"},{"@type":"Person","@id":"https:\/\/saludata.saludcapital.gov.co\/osb\/#\/schema\/person\/13bb800b810b551bc20493f04bf0d5fe","name":"Evelyn Redondo","image":{"@type":"ImageObject","inLanguage":"es","@id":"https:\/\/saludata.saludcapital.gov.co\/osb\/#\/schema\/person\/image\/","url":"https:\/\/saludata.saludcapital.gov.co\/osb\/wp-content\/uploads\/letter-avatar\/f514300756b07d8f38e6736b652d704d.svg","contentUrl":"https:\/\/saludata.saludcapital.gov.co\/osb\/wp-content\/uploads\/letter-avatar\/f514300756b07d8f38e6736b652d704d.svg","caption":"Evelyn Redondo"},"url":"https:\/\/saludata.saludcapital.gov.co\/osb\/author\/epredondo\/"}]}},"yasr_visitor_votes":{"stars_attributes":{"read_only":false,"span_bottom":false},"number_of_votes":0,"sum_votes":0},"_links":{"self":[{"href":"https:\/\/saludata.saludcapital.gov.co\/osb\/wp-json\/wp\/v2\/posts\/6265","targetHints":{"allow":["GET"]}}],"collection":[{"href":"https:\/\/saludata.saludcapital.gov.co\/osb\/wp-json\/wp\/v2\/posts"}],"about":[{"href":"https:\/\/saludata.saludcapital.gov.co\/osb\/wp-json\/wp\/v2\/types\/post"}],"author":[{"embeddable":true,"href":"https:\/\/saludata.saludcapital.gov.co\/osb\/wp-json\/wp\/v2\/users\/31"}],"replies":[{"embeddable":true,"href":"https:\/\/saludata.saludcapital.gov.co\/osb\/wp-json\/wp\/v2\/comments?post=6265"}],"version-history":[{"count":3,"href":"https:\/\/saludata.saludcapital.gov.co\/osb\/wp-json\/wp\/v2\/posts\/6265\/revisions"}],"predecessor-version":[{"id":6276,"href":"https:\/\/saludata.saludcapital.gov.co\/osb\/wp-json\/wp\/v2\/posts\/6265\/revisions\/6276"}],"wp:featuredmedia":[{"embeddable":true,"href":"https:\/\/saludata.saludcapital.gov.co\/osb\/wp-json\/wp\/v2\/media\/6273"}],"wp:attachment":[{"href":"https:\/\/saludata.saludcapital.gov.co\/osb\/wp-json\/wp\/v2\/media?parent=6265"}],"wp:term":[{"taxonomy":"category","embeddable":true,"href":"https:\/\/saludata.saludcapital.gov.co\/osb\/wp-json\/wp\/v2\/categories?post=6265"},{"taxonomy":"post_tag","embeddable":true,"href":"https:\/\/saludata.saludcapital.gov.co\/osb\/wp-json\/wp\/v2\/tags?post=6265"}],"curies":[{"name":"wp","href":"https:\/\/api.w.org\/{rel}","templated":true}]}}