{"id":6218,"date":"2026-09-01T16:22:11","date_gmt":"2026-09-01T21:22:11","guid":{"rendered":"https:\/\/saludata.saludcapital.gov.co\/osb\/?p=6218"},"modified":"2026-09-01T16:42:04","modified_gmt":"2026-09-01T21:42:04","slug":"asis-locales","status":"publish","type":"post","link":"https:\/\/saludata.saludcapital.gov.co\/osb\/asis-locales\/","title":{"rendered":"An\u00e1lisis de la situaci\u00f3n de salud de Bogot\u00e1 locales"},"content":{"rendered":"<p>Aqu\u00ed puedes descargar por cada una de las localidades, el an\u00e1lisis de condiciones, calidad de vida, salud y enfermedad. Los presentes documentos muestran la identificaci\u00f3n, an\u00e1lisis y priorizaci\u00f3n de las situaciones problem\u00e1ticas identificadas en la poblaci\u00f3n de las diferentes localidades de Bogot\u00e1, permitiendo integrar la informaci\u00f3n cuantitativa, cualitativa y espacial a fin de realizar el seguimiento y monitoreo de la calidad de vida de la poblaci\u00f3n.<\/p>\n<p><strong>2024<\/strong><\/p>\n<ul>\n<li><a href=\"https:\/\/saludata.saludcapital.gov.co\/osb\/wp-content\/uploads\/2026\/01\/1.-ASIS_Usaquen_2024.pdf\">An\u00e1lisis de situaci\u00f3n de salud Usaqu\u00e9n<\/a><\/li>\n<\/ul>\n<ul>\n<li><a href=\"https:\/\/saludata.saludcapital.gov.co\/osb\/wp-content\/uploads\/2026\/01\/2.-ASIS_Chapinero_2024.pdf\">An\u00e1lisis de situaci\u00f3n de salud Chapinero<\/a><\/li>\n<\/ul>\n<ul>\n<li><a href=\"https:\/\/saludata.saludcapital.gov.co\/osb\/wp-content\/uploads\/2026\/01\/3.-ASIS_SantaFe_2024.pdf\">An\u00e1lisis de situaci\u00f3n de salud Santa Fe<\/a><\/li>\n<\/ul>\n<ul>\n<li><a href=\"https:\/\/saludata.saludcapital.gov.co\/osb\/wp-content\/uploads\/2026\/01\/4.-ASIS_SanCristobal_2024.pdf\">An\u00e1lisis de situaci\u00f3n de salud San Crist\u00f3bal<\/a><\/li>\n<\/ul>\n<ul>\n<li><a href=\"https:\/\/saludata.saludcapital.gov.co\/osb\/wp-content\/uploads\/2026\/01\/5.-ASIS_Usme_2024.pdf\">An\u00e1lisis de situaci\u00f3n de salud Usme<\/a><\/li>\n<\/ul>\n<ul>\n<li><a href=\"https:\/\/saludata.saludcapital.gov.co\/osb\/wp-content\/uploads\/2026\/01\/6-.ASIS_Tunjuelito_2024.pdf\">An\u00e1lisis de situaci\u00f3n de salud Tunjuelito<\/a><\/li>\n<\/ul>\n<ul>\n<li><a href=\"https:\/\/saludata.saludcapital.gov.co\/osb\/wp-content\/uploads\/2026\/01\/7.-ASIS_Bosa_2024.pdf\">An\u00e1lisis de situaci\u00f3n de salud Bosa<\/a><\/li>\n<\/ul>\n<ul>\n<li><a href=\"https:\/\/saludata.saludcapital.gov.co\/osb\/wp-content\/uploads\/2026\/01\/8.-ASIS_Kennedy_2024.pdf\">An\u00e1lisis de situaci\u00f3n de salud Kennedy<\/a><\/li>\n<\/ul>\n<ul>\n<li><a href=\"https:\/\/saludata.saludcapital.gov.co\/osb\/wp-content\/uploads\/2026\/01\/9.-ASIS_Fontibon_2024.pdf\">An\u00e1lisis de situaci\u00f3n de salud Fontib\u00f3n<\/a><\/li>\n<\/ul>\n<ul>\n<li><a href=\"https:\/\/saludata.saludcapital.gov.co\/osb\/wp-content\/uploads\/2026\/01\/10.-ASIS_Engativa_2024.pdf\">An\u00e1lisis de situaci\u00f3n de salud Engativ\u00e1<\/a><\/li>\n<\/ul>\n<ul>\n<li><a href=\"https:\/\/saludata.saludcapital.gov.co\/osb\/wp-content\/uploads\/2026\/01\/11.-ASIS_Suba_2024.pdf\">An\u00e1lisis de situaci\u00f3n de salud Suba<\/a><\/li>\n<\/ul>\n<ul>\n<li><a href=\"https:\/\/saludata.saludcapital.gov.co\/osb\/wp-content\/uploads\/2026\/01\/12.ASIS_BarriosUnidos_2024.pdf\">An\u00e1lisis de situaci\u00f3n de salud Barrios Unidos<\/a><\/li>\n<\/ul>\n<ul>\n<li><a href=\"https:\/\/saludata.saludcapital.gov.co\/osb\/wp-content\/uploads\/2026\/01\/13.-ASIS_Teusaquillo_2024.pdf\">An\u00e1lisis de situaci\u00f3n de salud Teusaquillo<\/a><\/li>\n<\/ul>\n<ul>\n<li><a href=\"https:\/\/saludata.saludcapital.gov.co\/osb\/wp-content\/uploads\/2026\/01\/14.-ASIS_LosMartires_2024.pdf\">An\u00e1lisis de situaci\u00f3n de salud Los M\u00e1rtires<\/a><\/li>\n<\/ul>\n<ul>\n<li><a href=\"https:\/\/saludata.saludcapital.gov.co\/osb\/wp-content\/uploads\/2026\/01\/15.ASIS_AntonioNarino_2024.pdf\">An\u00e1lisis de situaci\u00f3n de salud Antonio Nari\u00f1o<\/a><\/li>\n<\/ul>\n<ul>\n<li><a href=\"https:\/\/saludata.saludcapital.gov.co\/osb\/wp-content\/uploads\/2026\/01\/16.-ASIS_Puente-Aranda_2024.pdf\">An\u00e1lisis de situaci\u00f3n de salud Puente Aranda<\/a><\/li>\n<\/ul>\n<ul>\n<li><a href=\"https:\/\/saludata.saludcapital.gov.co\/osb\/wp-content\/uploads\/2026\/01\/17.-ASIS_LaCalendaria_2024.pdf\">An\u00e1lisis de situaci\u00f3n de salud La Candelaria<\/a><\/li>\n<\/ul>\n<ul>\n<li><a href=\"https:\/\/saludata.saludcapital.gov.co\/osb\/wp-content\/uploads\/2026\/01\/18.-ASIS_RafaelUU_2024.pdf\">An\u00e1lisis de situaci\u00f3n de salud Rafael Uribe Uribe<\/a><\/li>\n<\/ul>\n<ul>\n<li><a href=\"https:\/\/saludata.saludcapital.gov.co\/osb\/wp-content\/uploads\/2026\/01\/19.-ASIS_Ciudad-Bolivar_2024.pdf\">An\u00e1lisis de situaci\u00f3n de salud Ciudad Bol\u00edvar<\/a><\/li>\n<\/ul>\n<ul>\n<li><a href=\"https:\/\/saludata.saludcapital.gov.co\/osb\/wp-content\/uploads\/2026\/01\/20.-ASIS_Sumapaz_2024.pdf\">An\u00e1lisis de situaci\u00f3n de salud Ciudad Sumapaz<\/a><\/li>\n<\/ul>\n<p><strong>2022<\/strong><\/p>\n<ul>\n<li><a href=\"https:\/\/saludata.saludcapital.gov.co\/osb\/wp-content\/uploads\/2026\/09\/1.-Asis_Usaquen_2022.pdf.pdf\">An\u00e1lisis de situaci\u00f3n de salud Usaqu\u00e9n<\/a><\/li>\n<\/ul>\n<ul>\n<li><a href=\"https:\/\/saludata.saludcapital.gov.co\/osb\/wp-content\/uploads\/2026\/09\/2.Asis_Chapinero_2022.pdf\">An\u00e1lisis de situaci\u00f3n de salud Chapinero<\/a><\/li>\n<\/ul>\n<ul>\n<li><a href=\"https:\/\/saludata.saludcapital.gov.co\/osb\/wp-content\/uploads\/2026\/09\/3.Asis_Santa-Fe_2022.pdf\">An\u00e1lisis de situaci\u00f3n de salud Santa Fe<\/a><\/li>\n<\/ul>\n<ul>\n<li><a href=\"https:\/\/saludata.saludcapital.gov.co\/osb\/wp-content\/uploads\/2026\/09\/4.-San-Cristobal_2022.pdf\">An\u00e1lisis de situaci\u00f3n de salud San Crist\u00f3bal<\/a><\/li>\n<\/ul>\n<ul>\n<li><a href=\"https:\/\/saludata.saludcapital.gov.co\/osb\/wp-content\/uploads\/2026\/09\/5.Asis_Usme_2022.pdf\">An\u00e1lisis de situaci\u00f3n de salud Usme<\/a><\/li>\n<\/ul>\n<ul>\n<li><a href=\"https:\/\/saludata.saludcapital.gov.co\/osb\/wp-content\/uploads\/2026\/09\/6.Asis_Tunjuelito_2022.pdf\">An\u00e1lisis de situaci\u00f3n de salud Tunjuelito<\/a><\/li>\n<\/ul>\n<ul>\n<li><a href=\"https:\/\/saludata.saludcapital.gov.co\/osb\/wp-content\/uploads\/2026\/09\/7.Asis_Bosa_2022.pdf\">An\u00e1lisis de situaci\u00f3n de salud Bosa<\/a><\/li>\n<\/ul>\n<ul>\n<li><a href=\"https:\/\/saludata.saludcapital.gov.co\/osb\/wp-content\/uploads\/2026\/09\/8.Asis_Kennedy_2022.pdf\">An\u00e1lisis de situaci\u00f3n de salud Kennedy<\/a><\/li>\n<\/ul>\n<ul>\n<li><a href=\"https:\/\/saludata.saludcapital.gov.co\/osb\/wp-content\/uploads\/2026\/09\/9.Asis_Fontibon_2022.pdf\">An\u00e1lisis de situaci\u00f3n de salud Fontib\u00f3n<\/a><\/li>\n<\/ul>\n<ul>\n<li><a href=\"https:\/\/saludata.saludcapital.gov.co\/osb\/wp-content\/uploads\/2026\/09\/10.Asis_Engativa_2022.pdf\">An\u00e1lisis de situaci\u00f3n de salud Engativ\u00e1<\/a><\/li>\n<\/ul>\n<ul>\n<li><a href=\"https:\/\/saludata.saludcapital.gov.co\/osb\/wp-content\/uploads\/2026\/09\/11.Asis_Suba_2022.pdf\">An\u00e1lisis de situaci\u00f3n de salud Suba<\/a><\/li>\n<\/ul>\n<ul>\n<li><a href=\"https:\/\/saludata.saludcapital.gov.co\/osb\/wp-content\/uploads\/2026\/09\/12.Asis_Barrios-unidos_2022.pdf\">An\u00e1lisis de situaci\u00f3n de salud Barrios Unidos<\/a><\/li>\n<\/ul>\n<ul>\n<li><a href=\"https:\/\/saludata.saludcapital.gov.co\/osb\/wp-content\/uploads\/2026\/09\/13.Asis_Teusaquillo_2022.pdf\">An\u00e1lisis de situaci\u00f3n de salud Teusaquillo<\/a><\/li>\n<\/ul>\n<ul>\n<li><a href=\"https:\/\/saludata.saludcapital.gov.co\/osb\/wp-content\/uploads\/2026\/09\/14.Asis_Los_Martires_2022.pdf\">An\u00e1lisis de situaci\u00f3n de salud Los M\u00e1rtires<\/a><\/li>\n<\/ul>\n<ul>\n<li><a href=\"https:\/\/saludata.saludcapital.gov.co\/osb\/wp-content\/uploads\/2026\/09\/15.Asis_Antonio_Narino_2022.pdf\">An\u00e1lisis de situaci\u00f3n de salud Antonio Nari\u00f1o<\/a><\/li>\n<\/ul>\n<ul>\n<li><a href=\"https:\/\/saludata.saludcapital.gov.co\/osb\/wp-content\/uploads\/2026\/09\/16.Asis_Puente_Aranda_2022.pdf\">An\u00e1lisis de situaci\u00f3n de salud Puente Aranda<\/a><\/li>\n<\/ul>\n<ul>\n<li><a href=\"https:\/\/saludata.saludcapital.gov.co\/osb\/wp-content\/uploads\/2026\/09\/17.Asis_La_Candelaria_2022.pdf\">An\u00e1lisis de situaci\u00f3n de salud La Candelaria<\/a><\/li>\n<\/ul>\n<ul>\n<li><a href=\"https:\/\/saludata.saludcapital.gov.co\/osb\/wp-content\/uploads\/2026\/09\/19.Asis_Ciudad_Bolivar_2022.pdf\">An\u00e1lisis de situaci\u00f3n de salud Rafael Uribe Uribe<\/a><\/li>\n<\/ul>\n<ul>\n<li><a href=\"https:\/\/saludata.saludcapital.gov.co\/osb\/wp-content\/uploads\/2026\/01\/19.-ASIS_Ciudad-Bolivar_2024.pdf\">An\u00e1lisis de situaci\u00f3n de salud Ciudad Bol\u00edvar<\/a><\/li>\n<\/ul>\n<ul>\n<li><a href=\"https:\/\/saludata.saludcapital.gov.co\/osb\/wp-content\/uploads\/2026\/09\/20.Asis_Sumapaz_2022.pdf\">An\u00e1lisis de situaci\u00f3n de salud Ciudad Sumapaz<\/a><\/li>\n<\/ul>\n<div style='text-align:right' class='yasr-auto-insert-overall'><\/div>","protected":false},"excerpt":{"rendered":"<p>Aqu\u00ed puedes descargar por cada una de las localidades, el an\u00e1lisis de condiciones, calidad de vida, salud y enfermedad. Los presentes documentos muestran la identificaci\u00f3n, an\u00e1lisis y priorizaci\u00f3n de las situaciones problem\u00e1ticas identificadas en la poblaci\u00f3n de las diferentes localidades de Bogot\u00e1, permitiendo integrar la informaci\u00f3n cuantitativa, cualitativa y espacial a fin de realizar el [&hellip;]<\/p>\n","protected":false},"author":31,"featured_media":4963,"comment_status":"open","ping_status":"open","sticky":false,"template":"","format":"standard","meta":{"_monsterinsights_skip_tracking":false,"yasr_overall_rating":0,"yasr_post_is_review":"","yasr_auto_insert_disabled":"","yasr_review_type":"","footnotes":""},"categories":[194],"tags":[],"class_list":["post-6218","post","type-post","status-publish","format-standard","has-post-thumbnail","hentry","category-analisis-de-situacion-de-salud-de-bogota"],"yoast_head":"<!-- This site is optimized with the Yoast SEO plugin v19.12 - https:\/\/yoast.com\/wordpress\/plugins\/seo\/ -->\n<title>An\u00e1lisis de la situaci\u00f3n de salud de Bogot\u00e1 locales - SaluData - Observatorio de Salud de Bogot\u00e1<\/title>\n<meta name=\"description\" content=\"An\u00e1lisis de condiciones, calidad de vida, salud y enfermedad.alud con el Modelo de los Determinantes Sociales de Salud por localidad\" \/>\n<meta name=\"robots\" content=\"index, follow, max-snippet:-1, max-image-preview:large, max-video-preview:-1\" \/>\n<link rel=\"canonical\" href=\"https:\/\/saludata.saludcapital.gov.co\/osb\/asis-locales\/\" \/>\n<meta property=\"og:locale\" content=\"es_ES\" \/>\n<meta property=\"og:type\" content=\"article\" \/>\n<meta property=\"og:title\" content=\"An\u00e1lisis de la situaci\u00f3n de salud de Bogot\u00e1 locales - SaluData - Observatorio de Salud de Bogot\u00e1\" \/>\n<meta property=\"og:description\" content=\"An\u00e1lisis de condiciones, calidad de vida, salud y enfermedad.alud con el Modelo de los Determinantes Sociales de Salud por localidad\" \/>\n<meta property=\"og:url\" content=\"https:\/\/saludata.saludcapital.gov.co\/osb\/asis-locales\/\" \/>\n<meta property=\"og:site_name\" content=\"SaluData - Observatorio de Salud de Bogot\u00e1\" \/>\n<meta property=\"article:published_time\" content=\"2026-09-01T21:22:11+00:00\" \/>\n<meta property=\"article:modified_time\" content=\"2026-09-01T21:42:04+00:00\" \/>\n<meta property=\"og:image\" content=\"https:\/\/saludata.saludcapital.gov.co\/osb\/wp-content\/uploads\/2026\/01\/CardASISLOCALES2024_.jpg\" \/>\n\t<meta property=\"og:image:width\" content=\"813\" \/>\n\t<meta property=\"og:image:height\" content=\"254\" \/>\n\t<meta property=\"og:image:type\" content=\"image\/jpeg\" \/>\n<meta name=\"author\" content=\"Evelyn Redondo\" \/>\n<meta name=\"twitter:card\" content=\"summary_large_image\" \/>\n<meta name=\"twitter:label1\" content=\"Escrito por\" \/>\n\t<meta name=\"twitter:data1\" content=\"Evelyn Redondo\" \/>\n\t<meta name=\"twitter:label2\" content=\"Tiempo de lectura\" \/>\n\t<meta name=\"twitter:data2\" content=\"1 minuto\" \/>\n<script type=\"application\/ld+json\" class=\"yoast-schema-graph\">{\"@context\":\"https:\/\/schema.org\",\"@graph\":[{\"@type\":\"WebPage\",\"@id\":\"https:\/\/saludata.saludcapital.gov.co\/osb\/asis-locales\/\",\"url\":\"https:\/\/saludata.saludcapital.gov.co\/osb\/asis-locales\/\",\"name\":\"An\u00e1lisis de la situaci\u00f3n de salud de Bogot\u00e1 locales - SaluData - Observatorio de Salud de Bogot\u00e1\",\"isPartOf\":{\"@id\":\"https:\/\/saludata.saludcapital.gov.co\/osb\/#website\"},\"datePublished\":\"2026-09-01T21:22:11+00:00\",\"dateModified\":\"2026-09-01T21:42:04+00:00\",\"author\":{\"@id\":\"https:\/\/saludata.saludcapital.gov.co\/osb\/#\/schema\/person\/13bb800b810b551bc20493f04bf0d5fe\"},\"description\":\"An\u00e1lisis de condiciones, calidad de vida, salud y enfermedad.alud con el Modelo de los Determinantes Sociales de Salud por localidad\",\"breadcrumb\":{\"@id\":\"https:\/\/saludata.saludcapital.gov.co\/osb\/asis-locales\/#breadcrumb\"},\"inLanguage\":\"es\",\"potentialAction\":[{\"@type\":\"ReadAction\",\"target\":[\"https:\/\/saludata.saludcapital.gov.co\/osb\/asis-locales\/\"]}]},{\"@type\":\"BreadcrumbList\",\"@id\":\"https:\/\/saludata.saludcapital.gov.co\/osb\/asis-locales\/#breadcrumb\",\"itemListElement\":[{\"@type\":\"ListItem\",\"position\":1,\"name\":\"Portada\",\"item\":\"https:\/\/saludata.saludcapital.gov.co\/osb\/\"},{\"@type\":\"ListItem\",\"position\":2,\"name\":\"An\u00e1lisis de la situaci\u00f3n de salud de Bogot\u00e1 locales\"}]},{\"@type\":\"WebSite\",\"@id\":\"https:\/\/saludata.saludcapital.gov.co\/osb\/#website\",\"url\":\"https:\/\/saludata.saludcapital.gov.co\/osb\/\",\"name\":\"SaluData - Observatorio de Salud de Bogot\u00e1\",\"description\":\"SaluData\",\"potentialAction\":[{\"@type\":\"SearchAction\",\"target\":{\"@type\":\"EntryPoint\",\"urlTemplate\":\"https:\/\/saludata.saludcapital.gov.co\/osb\/?s={search_term_string}\"},\"query-input\":\"required name=search_term_string\"}],\"inLanguage\":\"es\"},{\"@type\":\"Person\",\"@id\":\"https:\/\/saludata.saludcapital.gov.co\/osb\/#\/schema\/person\/13bb800b810b551bc20493f04bf0d5fe\",\"name\":\"Evelyn Redondo\",\"image\":{\"@type\":\"ImageObject\",\"inLanguage\":\"es\",\"@id\":\"https:\/\/saludata.saludcapital.gov.co\/osb\/#\/schema\/person\/image\/\",\"url\":\"https:\/\/saludata.saludcapital.gov.co\/osb\/wp-content\/uploads\/letter-avatar\/f514300756b07d8f38e6736b652d704d.svg\",\"contentUrl\":\"https:\/\/saludata.saludcapital.gov.co\/osb\/wp-content\/uploads\/letter-avatar\/f514300756b07d8f38e6736b652d704d.svg\",\"caption\":\"Evelyn Redondo\"},\"url\":\"https:\/\/saludata.saludcapital.gov.co\/osb\/author\/epredondo\/\"}]}<\/script>\n<!-- \/ Yoast SEO plugin. -->","yoast_head_json":{"title":"An\u00e1lisis de la situaci\u00f3n de salud de Bogot\u00e1 locales - SaluData - Observatorio de Salud de Bogot\u00e1","description":"An\u00e1lisis de condiciones, calidad de vida, salud y enfermedad.alud con el Modelo de los Determinantes Sociales de Salud por localidad","robots":{"index":"index","follow":"follow","max-snippet":"max-snippet:-1","max-image-preview":"max-image-preview:large","max-video-preview":"max-video-preview:-1"},"canonical":"https:\/\/saludata.saludcapital.gov.co\/osb\/asis-locales\/","og_locale":"es_ES","og_type":"article","og_title":"An\u00e1lisis de la situaci\u00f3n de salud de Bogot\u00e1 locales - SaluData - Observatorio de Salud de Bogot\u00e1","og_description":"An\u00e1lisis de condiciones, calidad de vida, salud y enfermedad.alud con el Modelo de los Determinantes Sociales de Salud por localidad","og_url":"https:\/\/saludata.saludcapital.gov.co\/osb\/asis-locales\/","og_site_name":"SaluData - Observatorio de Salud de Bogot\u00e1","article_published_time":"2026-09-01T21:22:11+00:00","article_modified_time":"2026-09-01T21:42:04+00:00","og_image":[{"width":813,"height":254,"url":"https:\/\/saludata.saludcapital.gov.co\/osb\/wp-content\/uploads\/2026\/01\/CardASISLOCALES2024_.jpg","type":"image\/jpeg"}],"author":"Evelyn Redondo","twitter_card":"summary_large_image","twitter_misc":{"Escrito por":"Evelyn Redondo","Tiempo de lectura":"1 minuto"},"schema":{"@context":"https:\/\/schema.org","@graph":[{"@type":"WebPage","@id":"https:\/\/saludata.saludcapital.gov.co\/osb\/asis-locales\/","url":"https:\/\/saludata.saludcapital.gov.co\/osb\/asis-locales\/","name":"An\u00e1lisis de la situaci\u00f3n de salud de Bogot\u00e1 locales - SaluData - Observatorio de Salud de Bogot\u00e1","isPartOf":{"@id":"https:\/\/saludata.saludcapital.gov.co\/osb\/#website"},"datePublished":"2026-09-01T21:22:11+00:00","dateModified":"2026-09-01T21:42:04+00:00","author":{"@id":"https:\/\/saludata.saludcapital.gov.co\/osb\/#\/schema\/person\/13bb800b810b551bc20493f04bf0d5fe"},"description":"An\u00e1lisis de condiciones, calidad de vida, salud y enfermedad.alud con el Modelo de los Determinantes Sociales de Salud por localidad","breadcrumb":{"@id":"https:\/\/saludata.saludcapital.gov.co\/osb\/asis-locales\/#breadcrumb"},"inLanguage":"es","potentialAction":[{"@type":"ReadAction","target":["https:\/\/saludata.saludcapital.gov.co\/osb\/asis-locales\/"]}]},{"@type":"BreadcrumbList","@id":"https:\/\/saludata.saludcapital.gov.co\/osb\/asis-locales\/#breadcrumb","itemListElement":[{"@type":"ListItem","position":1,"name":"Portada","item":"https:\/\/saludata.saludcapital.gov.co\/osb\/"},{"@type":"ListItem","position":2,"name":"An\u00e1lisis de la situaci\u00f3n de salud de Bogot\u00e1 locales"}]},{"@type":"WebSite","@id":"https:\/\/saludata.saludcapital.gov.co\/osb\/#website","url":"https:\/\/saludata.saludcapital.gov.co\/osb\/","name":"SaluData - Observatorio de Salud de Bogot\u00e1","description":"SaluData","potentialAction":[{"@type":"SearchAction","target":{"@type":"EntryPoint","urlTemplate":"https:\/\/saludata.saludcapital.gov.co\/osb\/?s={search_term_string}"},"query-input":"required name=search_term_string"}],"inLanguage":"es"},{"@type":"Person","@id":"https:\/\/saludata.saludcapital.gov.co\/osb\/#\/schema\/person\/13bb800b810b551bc20493f04bf0d5fe","name":"Evelyn Redondo","image":{"@type":"ImageObject","inLanguage":"es","@id":"https:\/\/saludata.saludcapital.gov.co\/osb\/#\/schema\/person\/image\/","url":"https:\/\/saludata.saludcapital.gov.co\/osb\/wp-content\/uploads\/letter-avatar\/f514300756b07d8f38e6736b652d704d.svg","contentUrl":"https:\/\/saludata.saludcapital.gov.co\/osb\/wp-content\/uploads\/letter-avatar\/f514300756b07d8f38e6736b652d704d.svg","caption":"Evelyn Redondo"},"url":"https:\/\/saludata.saludcapital.gov.co\/osb\/author\/epredondo\/"}]}},"yasr_visitor_votes":{"stars_attributes":{"read_only":false,"span_bottom":false},"number_of_votes":0,"sum_votes":0},"_links":{"self":[{"href":"https:\/\/saludata.saludcapital.gov.co\/osb\/wp-json\/wp\/v2\/posts\/6218","targetHints":{"allow":["GET"]}}],"collection":[{"href":"https:\/\/saludata.saludcapital.gov.co\/osb\/wp-json\/wp\/v2\/posts"}],"about":[{"href":"https:\/\/saludata.saludcapital.gov.co\/osb\/wp-json\/wp\/v2\/types\/post"}],"author":[{"embeddable":true,"href":"https:\/\/saludata.saludcapital.gov.co\/osb\/wp-json\/wp\/v2\/users\/31"}],"replies":[{"embeddable":true,"href":"https:\/\/saludata.saludcapital.gov.co\/osb\/wp-json\/wp\/v2\/comments?post=6218"}],"version-history":[{"count":7,"href":"https:\/\/saludata.saludcapital.gov.co\/osb\/wp-json\/wp\/v2\/posts\/6218\/revisions"}],"predecessor-version":[{"id":6244,"href":"https:\/\/saludata.saludcapital.gov.co\/osb\/wp-json\/wp\/v2\/posts\/6218\/revisions\/6244"}],"wp:featuredmedia":[{"embeddable":true,"href":"https:\/\/saludata.saludcapital.gov.co\/osb\/wp-json\/wp\/v2\/media\/4963"}],"wp:attachment":[{"href":"https:\/\/saludata.saludcapital.gov.co\/osb\/wp-json\/wp\/v2\/media?parent=6218"}],"wp:term":[{"taxonomy":"category","embeddable":true,"href":"https:\/\/saludata.saludcapital.gov.co\/osb\/wp-json\/wp\/v2\/categories?post=6218"},{"taxonomy":"post_tag","embeddable":true,"href":"https:\/\/saludata.saludcapital.gov.co\/osb\/wp-json\/wp\/v2\/tags?post=6218"}],"curies":[{"name":"wp","href":"https:\/\/api.w.org\/{rel}","templated":true}]}}