{"id":6202,"date":"2026-09-01T15:51:05","date_gmt":"2026-09-01T20:51:05","guid":{"rendered":"https:\/\/saludata.saludcapital.gov.co\/osb\/?p=6202"},"modified":"2026-09-01T15:51:05","modified_gmt":"2026-09-01T20:51:05","slug":"asis-bogota","status":"publish","type":"post","link":"https:\/\/saludata.saludcapital.gov.co\/osb\/asis-bogota\/","title":{"rendered":"An\u00e1lisis de la situaci\u00f3n de salud de Bogot\u00e1"},"content":{"rendered":"<p>A continuaci\u00f3n te invitamos a conocer y explorar los documentos de An\u00e1lisis de Situaci\u00f3n de Salud con el Modelo de los Determinantes Sociales de Salud para el Distrito Capital desde el 2016 hasta 2024: <\/p>\n<ul>\n<li><a href=\"https:\/\/saludata.saludcapital.gov.co\/osb\/wp-content\/uploads\/2026\/09\/ASIS_2024.pdf\">An\u00e1lisis de situaci\u00f3n de salud 2024<\/a><\/li>\n<\/ul>\n<ul>\n<li><a href=\"https:\/\/saludata.saludcapital.gov.co\/osb\/wp-content\/uploads\/2026\/09\/ASIS_2023.pdf\">An\u00e1lisis de situaci\u00f3n de salud 2023<\/a><\/li>\n<\/ul>\n<ul>\n<li><a href=\"https:\/\/saludata.saludcapital.gov.co\/osb\/wp-content\/uploads\/2026\/09\/ASIS_2022.pdf\">An\u00e1lisis de situaci\u00f3n de salud 2022<\/a><\/li>\n<\/ul>\n<ul>\n<li><a href=\"https:\/\/saludata.saludcapital.gov.co\/osb\/wp-content\/uploads\/2026\/09\/ASIS_2021_.pdf\">An\u00e1lisis de situaci\u00f3n de salud 2021<\/a><\/li>\n<\/ul>\n<ul>\n<li><a href=\"https:\/\/saludata.saludcapital.gov.co\/osb\/wp-content\/uploads\/2026\/09\/ASIS_2020.pdf\">An\u00e1lisis de situaci\u00f3n de salud 2020<\/a><\/li>\n<\/ul>\n<ul>\n<li><a href=\"https:\/\/saludata.saludcapital.gov.co\/osb\/wp-content\/uploads\/2026\/09\/ASIS_2019.pdf\">An\u00e1lisis de situaci\u00f3n de salud 2019<\/a><\/li>\n<\/ul>\n<ul>\n<li><a href=\"https:\/\/saludata.saludcapital.gov.co\/osb\/wp-content\/uploads\/2026\/09\/ASIS_2018.pdf\">An\u00e1lisis de situaci\u00f3n de salud 2018<\/a><\/li>\n<\/ul>\n<ul>\n<li><a href=\"https:\/\/saludata.saludcapital.gov.co\/osb\/wp-content\/uploads\/2026\/09\/ASIS_2017.pdf\">An\u00e1lisis de situaci\u00f3n de salud 2017<\/a><\/li>\n<\/ul>\n<ul>\n<li><a href=\"https:\/\/saludata.saludcapital.gov.co\/osb\/wp-content\/uploads\/2026\/09\/ASIS_2016.pdf\">An\u00e1lisis de situaci\u00f3n de salud 2016<\/a><\/li>\n<\/ul>\n<div style='text-align:right' class='yasr-auto-insert-overall'><\/div>","protected":false},"excerpt":{"rendered":"<p>A continuaci\u00f3n te invitamos a conocer y explorar los documentos de An\u00e1lisis de Situaci\u00f3n de Salud con el Modelo de los Determinantes Sociales de Salud para el Distrito Capital desde el 2016 hasta 2024: An\u00e1lisis de situaci\u00f3n de salud 2024 An\u00e1lisis de situaci\u00f3n de salud 2023 An\u00e1lisis de situaci\u00f3n de salud 2022 An\u00e1lisis de situaci\u00f3n [&hellip;]<\/p>\n","protected":false},"author":31,"featured_media":4915,"comment_status":"open","ping_status":"open","sticky":false,"template":"","format":"standard","meta":{"_monsterinsights_skip_tracking":false,"yasr_overall_rating":0,"yasr_post_is_review":"","yasr_auto_insert_disabled":"","yasr_review_type":"","footnotes":""},"categories":[194],"tags":[],"class_list":["post-6202","post","type-post","status-publish","format-standard","has-post-thumbnail","hentry","category-analisis-de-situacion-de-salud-de-bogota"],"yoast_head":"<!-- This site is optimized with the Yoast SEO plugin v19.12 - https:\/\/yoast.com\/wordpress\/plugins\/seo\/ -->\n<title>An\u00e1lisis de la situaci\u00f3n de salud de Bogot\u00e1 - SaluData - Observatorio de Salud de Bogot\u00e1<\/title>\n<meta name=\"description\" content=\"Explora los documentos de An\u00e1lisis de Situaci\u00f3n de Salud con el Modelo de los Determinantes Sociales de Salud para el Distrito Capital\" \/>\n<meta name=\"robots\" content=\"index, follow, max-snippet:-1, max-image-preview:large, max-video-preview:-1\" \/>\n<link rel=\"canonical\" href=\"https:\/\/saludata.saludcapital.gov.co\/osb\/asis-bogota\/\" \/>\n<meta property=\"og:locale\" content=\"es_ES\" \/>\n<meta property=\"og:type\" content=\"article\" \/>\n<meta property=\"og:title\" content=\"An\u00e1lisis de la situaci\u00f3n de salud de Bogot\u00e1 - SaluData - Observatorio de Salud de Bogot\u00e1\" \/>\n<meta property=\"og:description\" content=\"Explora los documentos de An\u00e1lisis de Situaci\u00f3n de Salud con el Modelo de los Determinantes Sociales de Salud para el Distrito Capital\" \/>\n<meta property=\"og:url\" content=\"https:\/\/saludata.saludcapital.gov.co\/osb\/asis-bogota\/\" \/>\n<meta property=\"og:site_name\" content=\"SaluData - Observatorio de Salud de Bogot\u00e1\" \/>\n<meta property=\"article:published_time\" content=\"2026-09-01T20:51:05+00:00\" \/>\n<meta property=\"og:image\" content=\"https:\/\/saludata.saludcapital.gov.co\/osb\/wp-content\/uploads\/2026\/01\/CardASISLOCALES2022_.jpg\" \/>\n\t<meta property=\"og:image:width\" content=\"1700\" \/>\n\t<meta property=\"og:image:height\" content=\"387\" \/>\n\t<meta property=\"og:image:type\" content=\"image\/jpeg\" \/>\n<meta name=\"author\" content=\"Evelyn Redondo\" \/>\n<meta name=\"twitter:card\" content=\"summary_large_image\" \/>\n<meta name=\"twitter:label1\" content=\"Escrito por\" \/>\n\t<meta name=\"twitter:data1\" content=\"Evelyn Redondo\" \/>\n\t<meta name=\"twitter:label2\" content=\"Tiempo de lectura\" \/>\n\t<meta name=\"twitter:data2\" content=\"1 minuto\" \/>\n<script type=\"application\/ld+json\" class=\"yoast-schema-graph\">{\"@context\":\"https:\/\/schema.org\",\"@graph\":[{\"@type\":\"WebPage\",\"@id\":\"https:\/\/saludata.saludcapital.gov.co\/osb\/asis-bogota\/\",\"url\":\"https:\/\/saludata.saludcapital.gov.co\/osb\/asis-bogota\/\",\"name\":\"An\u00e1lisis de la situaci\u00f3n de salud de Bogot\u00e1 - SaluData - Observatorio de Salud de Bogot\u00e1\",\"isPartOf\":{\"@id\":\"https:\/\/saludata.saludcapital.gov.co\/osb\/#website\"},\"datePublished\":\"2026-09-01T20:51:05+00:00\",\"dateModified\":\"2026-09-01T20:51:05+00:00\",\"author\":{\"@id\":\"https:\/\/saludata.saludcapital.gov.co\/osb\/#\/schema\/person\/13bb800b810b551bc20493f04bf0d5fe\"},\"description\":\"Explora los documentos de An\u00e1lisis de Situaci\u00f3n de Salud con el Modelo de los Determinantes Sociales de Salud para el Distrito Capital\",\"breadcrumb\":{\"@id\":\"https:\/\/saludata.saludcapital.gov.co\/osb\/asis-bogota\/#breadcrumb\"},\"inLanguage\":\"es\",\"potentialAction\":[{\"@type\":\"ReadAction\",\"target\":[\"https:\/\/saludata.saludcapital.gov.co\/osb\/asis-bogota\/\"]}]},{\"@type\":\"BreadcrumbList\",\"@id\":\"https:\/\/saludata.saludcapital.gov.co\/osb\/asis-bogota\/#breadcrumb\",\"itemListElement\":[{\"@type\":\"ListItem\",\"position\":1,\"name\":\"Portada\",\"item\":\"https:\/\/saludata.saludcapital.gov.co\/osb\/\"},{\"@type\":\"ListItem\",\"position\":2,\"name\":\"An\u00e1lisis de la situaci\u00f3n de salud de Bogot\u00e1\"}]},{\"@type\":\"WebSite\",\"@id\":\"https:\/\/saludata.saludcapital.gov.co\/osb\/#website\",\"url\":\"https:\/\/saludata.saludcapital.gov.co\/osb\/\",\"name\":\"SaluData - Observatorio de Salud de Bogot\u00e1\",\"description\":\"SaluData\",\"potentialAction\":[{\"@type\":\"SearchAction\",\"target\":{\"@type\":\"EntryPoint\",\"urlTemplate\":\"https:\/\/saludata.saludcapital.gov.co\/osb\/?s={search_term_string}\"},\"query-input\":\"required name=search_term_string\"}],\"inLanguage\":\"es\"},{\"@type\":\"Person\",\"@id\":\"https:\/\/saludata.saludcapital.gov.co\/osb\/#\/schema\/person\/13bb800b810b551bc20493f04bf0d5fe\",\"name\":\"Evelyn Redondo\",\"image\":{\"@type\":\"ImageObject\",\"inLanguage\":\"es\",\"@id\":\"https:\/\/saludata.saludcapital.gov.co\/osb\/#\/schema\/person\/image\/\",\"url\":\"https:\/\/saludata.saludcapital.gov.co\/osb\/wp-content\/uploads\/letter-avatar\/f514300756b07d8f38e6736b652d704d.svg\",\"contentUrl\":\"https:\/\/saludata.saludcapital.gov.co\/osb\/wp-content\/uploads\/letter-avatar\/f514300756b07d8f38e6736b652d704d.svg\",\"caption\":\"Evelyn Redondo\"},\"url\":\"https:\/\/saludata.saludcapital.gov.co\/osb\/author\/epredondo\/\"}]}<\/script>\n<!-- \/ Yoast SEO plugin. -->","yoast_head_json":{"title":"An\u00e1lisis de la situaci\u00f3n de salud de Bogot\u00e1 - SaluData - Observatorio de Salud de Bogot\u00e1","description":"Explora los documentos de An\u00e1lisis de Situaci\u00f3n de Salud con el Modelo de los Determinantes Sociales de Salud para el Distrito Capital","robots":{"index":"index","follow":"follow","max-snippet":"max-snippet:-1","max-image-preview":"max-image-preview:large","max-video-preview":"max-video-preview:-1"},"canonical":"https:\/\/saludata.saludcapital.gov.co\/osb\/asis-bogota\/","og_locale":"es_ES","og_type":"article","og_title":"An\u00e1lisis de la situaci\u00f3n de salud de Bogot\u00e1 - SaluData - Observatorio de Salud de Bogot\u00e1","og_description":"Explora los documentos de An\u00e1lisis de Situaci\u00f3n de Salud con el Modelo de los Determinantes Sociales de Salud para el Distrito Capital","og_url":"https:\/\/saludata.saludcapital.gov.co\/osb\/asis-bogota\/","og_site_name":"SaluData - Observatorio de Salud de Bogot\u00e1","article_published_time":"2026-09-01T20:51:05+00:00","og_image":[{"width":1700,"height":387,"url":"https:\/\/saludata.saludcapital.gov.co\/osb\/wp-content\/uploads\/2026\/01\/CardASISLOCALES2022_.jpg","type":"image\/jpeg"}],"author":"Evelyn Redondo","twitter_card":"summary_large_image","twitter_misc":{"Escrito por":"Evelyn Redondo","Tiempo de lectura":"1 minuto"},"schema":{"@context":"https:\/\/schema.org","@graph":[{"@type":"WebPage","@id":"https:\/\/saludata.saludcapital.gov.co\/osb\/asis-bogota\/","url":"https:\/\/saludata.saludcapital.gov.co\/osb\/asis-bogota\/","name":"An\u00e1lisis de la situaci\u00f3n de salud de Bogot\u00e1 - SaluData - Observatorio de Salud de Bogot\u00e1","isPartOf":{"@id":"https:\/\/saludata.saludcapital.gov.co\/osb\/#website"},"datePublished":"2026-09-01T20:51:05+00:00","dateModified":"2026-09-01T20:51:05+00:00","author":{"@id":"https:\/\/saludata.saludcapital.gov.co\/osb\/#\/schema\/person\/13bb800b810b551bc20493f04bf0d5fe"},"description":"Explora los documentos de An\u00e1lisis de Situaci\u00f3n de Salud con el Modelo de los Determinantes Sociales de Salud para el Distrito Capital","breadcrumb":{"@id":"https:\/\/saludata.saludcapital.gov.co\/osb\/asis-bogota\/#breadcrumb"},"inLanguage":"es","potentialAction":[{"@type":"ReadAction","target":["https:\/\/saludata.saludcapital.gov.co\/osb\/asis-bogota\/"]}]},{"@type":"BreadcrumbList","@id":"https:\/\/saludata.saludcapital.gov.co\/osb\/asis-bogota\/#breadcrumb","itemListElement":[{"@type":"ListItem","position":1,"name":"Portada","item":"https:\/\/saludata.saludcapital.gov.co\/osb\/"},{"@type":"ListItem","position":2,"name":"An\u00e1lisis de la situaci\u00f3n de salud de Bogot\u00e1"}]},{"@type":"WebSite","@id":"https:\/\/saludata.saludcapital.gov.co\/osb\/#website","url":"https:\/\/saludata.saludcapital.gov.co\/osb\/","name":"SaluData - Observatorio de Salud de Bogot\u00e1","description":"SaluData","potentialAction":[{"@type":"SearchAction","target":{"@type":"EntryPoint","urlTemplate":"https:\/\/saludata.saludcapital.gov.co\/osb\/?s={search_term_string}"},"query-input":"required name=search_term_string"}],"inLanguage":"es"},{"@type":"Person","@id":"https:\/\/saludata.saludcapital.gov.co\/osb\/#\/schema\/person\/13bb800b810b551bc20493f04bf0d5fe","name":"Evelyn Redondo","image":{"@type":"ImageObject","inLanguage":"es","@id":"https:\/\/saludata.saludcapital.gov.co\/osb\/#\/schema\/person\/image\/","url":"https:\/\/saludata.saludcapital.gov.co\/osb\/wp-content\/uploads\/letter-avatar\/f514300756b07d8f38e6736b652d704d.svg","contentUrl":"https:\/\/saludata.saludcapital.gov.co\/osb\/wp-content\/uploads\/letter-avatar\/f514300756b07d8f38e6736b652d704d.svg","caption":"Evelyn Redondo"},"url":"https:\/\/saludata.saludcapital.gov.co\/osb\/author\/epredondo\/"}]}},"yasr_visitor_votes":{"stars_attributes":{"read_only":false,"span_bottom":false},"number_of_votes":0,"sum_votes":0},"_links":{"self":[{"href":"https:\/\/saludata.saludcapital.gov.co\/osb\/wp-json\/wp\/v2\/posts\/6202","targetHints":{"allow":["GET"]}}],"collection":[{"href":"https:\/\/saludata.saludcapital.gov.co\/osb\/wp-json\/wp\/v2\/posts"}],"about":[{"href":"https:\/\/saludata.saludcapital.gov.co\/osb\/wp-json\/wp\/v2\/types\/post"}],"author":[{"embeddable":true,"href":"https:\/\/saludata.saludcapital.gov.co\/osb\/wp-json\/wp\/v2\/users\/31"}],"replies":[{"embeddable":true,"href":"https:\/\/saludata.saludcapital.gov.co\/osb\/wp-json\/wp\/v2\/comments?post=6202"}],"version-history":[{"count":6,"href":"https:\/\/saludata.saludcapital.gov.co\/osb\/wp-json\/wp\/v2\/posts\/6202\/revisions"}],"predecessor-version":[{"id":6217,"href":"https:\/\/saludata.saludcapital.gov.co\/osb\/wp-json\/wp\/v2\/posts\/6202\/revisions\/6217"}],"wp:featuredmedia":[{"embeddable":true,"href":"https:\/\/saludata.saludcapital.gov.co\/osb\/wp-json\/wp\/v2\/media\/4915"}],"wp:attachment":[{"href":"https:\/\/saludata.saludcapital.gov.co\/osb\/wp-json\/wp\/v2\/media?parent=6202"}],"wp:term":[{"taxonomy":"category","embeddable":true,"href":"https:\/\/saludata.saludcapital.gov.co\/osb\/wp-json\/wp\/v2\/categories?post=6202"},{"taxonomy":"post_tag","embeddable":true,"href":"https:\/\/saludata.saludcapital.gov.co\/osb\/wp-json\/wp\/v2\/tags?post=6202"}],"curies":[{"name":"wp","href":"https:\/\/api.w.org\/{rel}","templated":true}]}}